{"id":7165,"date":"2022-12-20T21:45:31","date_gmt":"2022-12-20T20:45:31","guid":{"rendered":"https:\/\/agora.xtec.cat\/escolapablopicasso\/?p=7165"},"modified":"2022-12-20T22:05:45","modified_gmt":"2022-12-20T21:05:45","slug":"bones-festes-5","status":"publish","type":"post","link":"https:\/\/agora.xtec.cat\/escolapablopicasso\/general\/bones-festes-5\/","title":{"rendered":"BONES FESTES!!!!"},"content":{"rendered":"<p>Bona tarda fam\u00edlies!!!<\/p>\n<p>Ja s&#8217;acaba el trimestre i donem pas a uns dies de descans. Esperem que pugueu gaudir el m\u00e0xim possible.<\/p>\n<p>Abans d&#8217;acomiadar-nos fins a l&#8217;any vinent us volem recordar:<\/p>\n<p>-Dem\u00e0 dimecres, dia 21 \u00e9s l&#8217;\u00faltim dia del trimestre i farem jornada intensiva (<strong>9h a 13h<\/strong>)<\/p>\n<p>-Qui faci \u00fas del menjador, l&#8217;horari s&#8217;allargar\u00e0 fins a les 15h.<\/p>\n<p>-Tornem a l&#8217;escola el <strong>dilluns 9 de gener<\/strong>.<\/p>\n<p>Tot l&#8217;equip del Picasso us volem desitjar unes bones festes carregades d&#8217;alegria i esperan\u00e7a envers un futur millor.<\/p>\n<p><img loading=\"lazy\" decoding=\"async\" class=\"aligncenter wp-image-7166\" src=\"https:\/\/agora.xtec.cat\/escolapablopicasso\/wp-content\/uploads\/usu295\/2022\/12\/IMG-20221219-WA0004.jpg\" alt=\"\" width=\"705\" height=\"881\" srcset=\"https:\/\/agora.xtec.cat\/escolapablopicasso\/wp-content\/uploads\/usu295\/2022\/12\/IMG-20221219-WA0004.jpg 819w, https:\/\/agora.xtec.cat\/escolapablopicasso\/wp-content\/uploads\/usu295\/2022\/12\/IMG-20221219-WA0004-240x300.jpg 240w, https:\/\/agora.xtec.cat\/escolapablopicasso\/wp-content\/uploads\/usu295\/2022\/12\/IMG-20221219-WA0004-768x960.jpg 768w\" sizes=\"auto, (max-width: 705px) 100vw, 705px\" \/><\/p>\n<h1 style=\"text-align: center;\"><img loading=\"lazy\" decoding=\"async\" class=\"alignnone\" src=\"https:\/\/remsasl.com\/wp-content\/uploads\/2022\/12\/bones-festes.png\" alt=\"Remsa S.L. | Solucions adaptades a la nova realitat\" width=\"498\" height=\"218\" \/><\/h1>\n<p>&nbsp;<\/p>\n","protected":false},"excerpt":{"rendered":"<p>Bona tarda fam\u00edlies!!!<br \/>\nJa s&#8217;acaba el trimestre i donem pas a uns dies de descans. Esperem que pugueu gaudir el m\u00e0xim possible.<br \/>\nAbans d&#8217;acomiadar-nos fins a l&#8217;any vinent us volem recordar:<br \/>\n-Dem\u00e0 dimecres, dia 21 \u00e9s l&#8217;\u00faltim dia del trimestre i farem jornada intensiva (9h a 13h)<br \/>\n-Qui faci&hellip;  <a href=\"https:\/\/agora.xtec.cat\/escolapablopicasso\/general\/bones-festes-5\/\" title=\"Read BONES FESTES!!!!\">Llegeix m\u00e9s\u00bb<\/a><\/p>\n","protected":false},"author":5,"featured_media":0,"comment_status":"open","ping_status":"closed","sticky":false,"template":"","format":"standard","meta":{"_bbp_topic_count":0,"_bbp_reply_count":0,"_bbp_total_topic_count":0,"_bbp_total_reply_count":0,"_bbp_voice_count":0,"_bbp_anonymous_reply_count":0,"_bbp_topic_count_hidden":0,"_bbp_reply_count_hidden":0,"_bbp_forum_subforum_count":0,"footnotes":""},"categories":[1,4],"tags":[],"class_list":["post-7165","post","type-post","status-publish","format-standard","hentry","category-general","category-portada"],"post_mailing_queue_ids":[],"_links":{"self":[{"href":"https:\/\/agora.xtec.cat\/escolapablopicasso\/wp-json\/wp\/v2\/posts\/7165","targetHints":{"allow":["GET"]}}],"collection":[{"href":"https:\/\/agora.xtec.cat\/escolapablopicasso\/wp-json\/wp\/v2\/posts"}],"about":[{"href":"https:\/\/agora.xtec.cat\/escolapablopicasso\/wp-json\/wp\/v2\/types\/post"}],"author":[{"embeddable":true,"href":"https:\/\/agora.xtec.cat\/escolapablopicasso\/wp-json\/wp\/v2\/users\/5"}],"replies":[{"embeddable":true,"href":"https:\/\/agora.xtec.cat\/escolapablopicasso\/wp-json\/wp\/v2\/comments?post=7165"}],"version-history":[{"count":4,"href":"https:\/\/agora.xtec.cat\/escolapablopicasso\/wp-json\/wp\/v2\/posts\/7165\/revisions"}],"predecessor-version":[{"id":7172,"href":"https:\/\/agora.xtec.cat\/escolapablopicasso\/wp-json\/wp\/v2\/posts\/7165\/revisions\/7172"}],"wp:attachment":[{"href":"https:\/\/agora.xtec.cat\/escolapablopicasso\/wp-json\/wp\/v2\/media?parent=7165"}],"wp:term":[{"taxonomy":"category","embeddable":true,"href":"https:\/\/agora.xtec.cat\/escolapablopicasso\/wp-json\/wp\/v2\/categories?post=7165"},{"taxonomy":"post_tag","embeddable":true,"href":"https:\/\/agora.xtec.cat\/escolapablopicasso\/wp-json\/wp\/v2\/tags?post=7165"}],"curies":[{"name":"wp","href":"https:\/\/api.w.org\/{rel}","templated":true}]}}