{"id":7153,"date":"2022-12-17T14:24:04","date_gmt":"2022-12-17T13:24:04","guid":{"rendered":"https:\/\/agora.xtec.cat\/escolapablopicasso\/?p=7153"},"modified":"2022-12-18T18:05:34","modified_gmt":"2022-12-18T17:05:34","slug":"videos-picasso-en-concert","status":"publish","type":"post","link":"https:\/\/agora.xtec.cat\/escolapablopicasso\/general\/videos-picasso-en-concert\/","title":{"rendered":"V\u00cdDEOS &#8220;PICASSO EN CONCERT&#8221;"},"content":{"rendered":"<p><img loading=\"lazy\" decoding=\"async\" class=\"aligncenter wp-image-7154 size-large\" src=\"https:\/\/agora.xtec.cat\/escolapablopicasso\/wp-content\/uploads\/usu295\/2022\/12\/foto-1024x569.jpg\" alt=\"\" width=\"1024\" height=\"569\" srcset=\"https:\/\/agora.xtec.cat\/escolapablopicasso\/wp-content\/uploads\/usu295\/2022\/12\/foto-1024x569.jpg 1024w, https:\/\/agora.xtec.cat\/escolapablopicasso\/wp-content\/uploads\/usu295\/2022\/12\/foto-300x167.jpg 300w, https:\/\/agora.xtec.cat\/escolapablopicasso\/wp-content\/uploads\/usu295\/2022\/12\/foto-768x427.jpg 768w, https:\/\/agora.xtec.cat\/escolapablopicasso\/wp-content\/uploads\/usu295\/2022\/12\/foto-1536x854.jpg 1536w, https:\/\/agora.xtec.cat\/escolapablopicasso\/wp-content\/uploads\/usu295\/2022\/12\/foto.jpg 1915w\" sizes=\"auto, (max-width: 1024px) 100vw, 1024px\" \/><\/p>\n<p>A continuaci\u00f3, trobareu els v\u00eddeos del concert que vam fer el passat 14 de desembre al T.M.C:<\/p>\n<p><strong>-1r torn:<\/strong> 3rA, 4tA, 5\u00e8A i 5\u00e8C, 6\u00e8A (cliqueu <a href=\"https:\/\/view.genial.ly\/639f31fdaca26e00111b918b\/presentation-picasso-en-concert-1r-torn\">aqu\u00ed<\/a>)<\/p>\n<p><strong>-2n torn:<\/strong> I3, I4, I5, 1r, 2n (cliqueu <a href=\"https:\/\/view.genial.ly\/639a2a82a07dfb001296a2f6\/presentation-picasso-en-concert-2n-torn\">aqu\u00ed<\/a>)<\/p>\n<p><strong>-3r torn:<\/strong> 3rB, 4tB, 5\u00e8B, 6\u00e8B (cliqueu <a href=\"https:\/\/view.genial.ly\/639f3a59aca26e00111bbae7\/presentation-picasso-en-concert-3r-torn\">aqu\u00ed<\/a>)<\/p>\n<p>&nbsp;<\/p>\n<p><a href=\"https:\/\/agora.xtec.cat\/escolapablopicasso\/wp-content\/uploads\/usu295\/2022\/12\/IMG-20221214-WA0022.jpg\"><img loading=\"lazy\" decoding=\"async\" class=\"aligncenter size-full wp-image-7159\" src=\"https:\/\/agora.xtec.cat\/escolapablopicasso\/wp-content\/uploads\/usu295\/2022\/12\/IMG-20221214-WA0022.jpg\" alt=\"\" width=\"2000\" height=\"1128\" srcset=\"https:\/\/agora.xtec.cat\/escolapablopicasso\/wp-content\/uploads\/usu295\/2022\/12\/IMG-20221214-WA0022.jpg 2000w, https:\/\/agora.xtec.cat\/escolapablopicasso\/wp-content\/uploads\/usu295\/2022\/12\/IMG-20221214-WA0022-300x169.jpg 300w, https:\/\/agora.xtec.cat\/escolapablopicasso\/wp-content\/uploads\/usu295\/2022\/12\/IMG-20221214-WA0022-1024x578.jpg 1024w, https:\/\/agora.xtec.cat\/escolapablopicasso\/wp-content\/uploads\/usu295\/2022\/12\/IMG-20221214-WA0022-768x433.jpg 768w, https:\/\/agora.xtec.cat\/escolapablopicasso\/wp-content\/uploads\/usu295\/2022\/12\/IMG-20221214-WA0022-1536x866.jpg 1536w\" sizes=\"auto, (max-width: 2000px) 100vw, 2000px\" \/><\/a><\/p>\n<p>&nbsp;<\/p>\n<p><a href=\"https:\/\/agora.xtec.cat\/escolapablopicasso\/wp-content\/uploads\/usu295\/2022\/12\/Outer-Page.jpg\"><img loading=\"lazy\" decoding=\"async\" class=\"aligncenter size-large wp-image-7161\" src=\"https:\/\/agora.xtec.cat\/escolapablopicasso\/wp-content\/uploads\/usu295\/2022\/12\/Outer-Page-1024x724.jpg\" alt=\"\" width=\"1024\" height=\"724\" srcset=\"https:\/\/agora.xtec.cat\/escolapablopicasso\/wp-content\/uploads\/usu295\/2022\/12\/Outer-Page-1024x724.jpg 1024w, https:\/\/agora.xtec.cat\/escolapablopicasso\/wp-content\/uploads\/usu295\/2022\/12\/Outer-Page-300x212.jpg 300w, https:\/\/agora.xtec.cat\/escolapablopicasso\/wp-content\/uploads\/usu295\/2022\/12\/Outer-Page-768x543.jpg 768w, https:\/\/agora.xtec.cat\/escolapablopicasso\/wp-content\/uploads\/usu295\/2022\/12\/Outer-Page-1536x1086.jpg 1536w, https:\/\/agora.xtec.cat\/escolapablopicasso\/wp-content\/uploads\/usu295\/2022\/12\/Outer-Page.jpg 2000w\" sizes=\"auto, (max-width: 1024px) 100vw, 1024px\" \/><\/a><\/p>\n<p><a href=\"https:\/\/agora.xtec.cat\/escolapablopicasso\/wp-content\/uploads\/usu295\/2022\/12\/Inner-Page.jpg\"><img loading=\"lazy\" decoding=\"async\" class=\"aligncenter size-large wp-image-7162\" src=\"https:\/\/agora.xtec.cat\/escolapablopicasso\/wp-content\/uploads\/usu295\/2022\/12\/Inner-Page-1024x724.jpg\" alt=\"\" width=\"1024\" height=\"724\" srcset=\"https:\/\/agora.xtec.cat\/escolapablopicasso\/wp-content\/uploads\/usu295\/2022\/12\/Inner-Page-1024x724.jpg 1024w, https:\/\/agora.xtec.cat\/escolapablopicasso\/wp-content\/uploads\/usu295\/2022\/12\/Inner-Page-300x212.jpg 300w, https:\/\/agora.xtec.cat\/escolapablopicasso\/wp-content\/uploads\/usu295\/2022\/12\/Inner-Page-768x543.jpg 768w, https:\/\/agora.xtec.cat\/escolapablopicasso\/wp-content\/uploads\/usu295\/2022\/12\/Inner-Page-1536x1086.jpg 1536w, https:\/\/agora.xtec.cat\/escolapablopicasso\/wp-content\/uploads\/usu295\/2022\/12\/Inner-Page.jpg 2000w\" sizes=\"auto, (max-width: 1024px) 100vw, 1024px\" \/><\/a><\/p>\n","protected":false},"excerpt":{"rendered":"<p>A continuaci\u00f3, trobareu els v\u00eddeos del concert que vam fer el passat 14 de desembre al T.M.C:<br \/>\n-1r torn: 3rA, 4tA, 5\u00e8A i 5\u00e8C, 6\u00e8A (cliqueu <a href=\"https:\/\/view.genial.ly\/639f31fdaca26e00111b918b\/presentation-picasso-en-concert-1r-torn\">aqu\u00ed<\/a>)<br \/>\n-2n torn: I3, I4, I5, 1r, 2n (cliqueu <a href=\"https:\/\/view.genial.ly\/639a2a82a07dfb001296a2f6\/presentation-picasso-en-concert-2n-torn\">aqu\u00ed<\/a>)<br \/>\n-3r torn: 3rB, 4tB, 5\u00e8B, 6\u00e8B (cliqueu <a href=\"https:\/\/view.genial.ly\/639f3a59aca26e00111bbae7\/presentation-picasso-en-concert-3r-torn\">aqu\u00ed<\/a>)<br \/>\n&nbsp;<br \/>\n<a href=\"https:\/\/agora.xtec.cat\/escolapablopicasso\/wp-content\/uploads\/usu295\/2022\/12\/IMG-20221214-WA0022.jpg\"><\/a><br \/>\n&nbsp;<br \/>\n<a&hellip;  <a href=\"https:\/\/agora.xtec.cat\/escolapablopicasso\/general\/videos-picasso-en-concert\/\" title=\"Read V\u00cdDEOS &#8220;PICASSO EN CONCERT&#8221;\">Llegeix m\u00e9s\u00bb<\/a><\/p>\n","protected":false},"author":5,"featured_media":0,"comment_status":"open","ping_status":"closed","sticky":false,"template":"","format":"standard","meta":{"_bbp_topic_count":0,"_bbp_reply_count":0,"_bbp_total_topic_count":0,"_bbp_total_reply_count":0,"_bbp_voice_count":0,"_bbp_anonymous_reply_count":0,"_bbp_topic_count_hidden":0,"_bbp_reply_count_hidden":0,"_bbp_forum_subforum_count":0,"footnotes":""},"categories":[22,23,1,2,24,4,5],"tags":[],"class_list":["post-7153","post","type-post","status-publish","format-standard","hentry","category-angles","category-nadal","category-general","category-infantil","category-musica","category-portada","category-primaria"],"post_mailing_queue_ids":[],"_links":{"self":[{"href":"https:\/\/agora.xtec.cat\/escolapablopicasso\/wp-json\/wp\/v2\/posts\/7153","targetHints":{"allow":["GET"]}}],"collection":[{"href":"https:\/\/agora.xtec.cat\/escolapablopicasso\/wp-json\/wp\/v2\/posts"}],"about":[{"href":"https:\/\/agora.xtec.cat\/escolapablopicasso\/wp-json\/wp\/v2\/types\/post"}],"author":[{"embeddable":true,"href":"https:\/\/agora.xtec.cat\/escolapablopicasso\/wp-json\/wp\/v2\/users\/5"}],"replies":[{"embeddable":true,"href":"https:\/\/agora.xtec.cat\/escolapablopicasso\/wp-json\/wp\/v2\/comments?post=7153"}],"version-history":[{"count":3,"href":"https:\/\/agora.xtec.cat\/escolapablopicasso\/wp-json\/wp\/v2\/posts\/7153\/revisions"}],"predecessor-version":[{"id":7164,"href":"https:\/\/agora.xtec.cat\/escolapablopicasso\/wp-json\/wp\/v2\/posts\/7153\/revisions\/7164"}],"wp:attachment":[{"href":"https:\/\/agora.xtec.cat\/escolapablopicasso\/wp-json\/wp\/v2\/media?parent=7153"}],"wp:term":[{"taxonomy":"category","embeddable":true,"href":"https:\/\/agora.xtec.cat\/escolapablopicasso\/wp-json\/wp\/v2\/categories?post=7153"},{"taxonomy":"post_tag","embeddable":true,"href":"https:\/\/agora.xtec.cat\/escolapablopicasso\/wp-json\/wp\/v2\/tags?post=7153"}],"curies":[{"name":"wp","href":"https:\/\/api.w.org\/{rel}","templated":true}]}}