{"id":7142,"date":"2022-12-13T09:00:50","date_gmt":"2022-12-13T08:00:50","guid":{"rendered":"https:\/\/agora.xtec.cat\/escolapablopicasso\/?p=7142"},"modified":"2022-12-13T12:29:12","modified_gmt":"2022-12-13T11:29:12","slug":"tarda-coeducativa","status":"publish","type":"post","link":"https:\/\/agora.xtec.cat\/escolapablopicasso\/general\/tarda-coeducativa\/","title":{"rendered":"TARDA COEDUCATIVA"},"content":{"rendered":"<p>Ahir dilluns 12 de desembre, a la tarda, es va portar a terme el taller sobre coeducaci\u00f3 amb les fam\u00edlies. Vam ser poques les persones que vam assistir, per\u00f2 l\u2019ambient va donar pas a resoldre i plantejar temes molt interessants.<\/p>\n<p>El taller forma part de la formaci\u00f3 de centre que s\u2019est\u00e0 fent sobre el tema de la coeducaci\u00f3 que implica sessions per al professorat, un taller per a cada un dels grups de 6\u00e8 i un altre taller per a les fam\u00edlies.<\/p>\n<p>Donem les gr\u00e0cies a totes les persones assistents i a la Kha i la Jose que s\u00f3n les nostres formadores.<\/p>\n<p>Esperem que en una altra ocasi\u00f3 puguem comptar amb la pres\u00e8ncia de m\u00e9s fam\u00edlies de la nostra comunitat.<\/p>\n<p><img decoding=\"async\" src=\"http:\/\/1.bp.blogspot.com\/-PyXl6gruZ9M\/Vm8t0QcFdGI\/AAAAAAAAAbY\/KS9Vc7zdQjA\/s1600\/igualdaycoeducacion.png\" alt=\"CON UN CARRITO Y UN L\u00c1PIZ: LA COEDUCACI\u00d3N. Educar en igualdad de g\u00e9nero\" \/><\/p>\n","protected":false},"excerpt":{"rendered":"<p>Ahir dilluns 12 de desembre, a la tarda, es va portar a terme el taller sobre coeducaci\u00f3 amb les fam\u00edlies. Vam ser poques les persones que vam assistir, per\u00f2 l\u2019ambient va donar pas a resoldre i plantejar temes molt interessants.<br \/>\nEl taller forma part de la&hellip;  <a href=\"https:\/\/agora.xtec.cat\/escolapablopicasso\/general\/tarda-coeducativa\/\" title=\"Read TARDA COEDUCATIVA\">Llegeix m\u00e9s\u00bb<\/a><\/p>\n","protected":false},"author":5,"featured_media":0,"comment_status":"open","ping_status":"closed","sticky":false,"template":"","format":"standard","meta":{"_bbp_topic_count":0,"_bbp_reply_count":0,"_bbp_total_topic_count":0,"_bbp_total_reply_count":0,"_bbp_voice_count":0,"_bbp_anonymous_reply_count":0,"_bbp_topic_count_hidden":0,"_bbp_reply_count_hidden":0,"_bbp_forum_subforum_count":0,"footnotes":""},"categories":[1,4],"tags":[],"class_list":["post-7142","post","type-post","status-publish","format-standard","hentry","category-general","category-portada"],"post_mailing_queue_ids":[],"_links":{"self":[{"href":"https:\/\/agora.xtec.cat\/escolapablopicasso\/wp-json\/wp\/v2\/posts\/7142","targetHints":{"allow":["GET"]}}],"collection":[{"href":"https:\/\/agora.xtec.cat\/escolapablopicasso\/wp-json\/wp\/v2\/posts"}],"about":[{"href":"https:\/\/agora.xtec.cat\/escolapablopicasso\/wp-json\/wp\/v2\/types\/post"}],"author":[{"embeddable":true,"href":"https:\/\/agora.xtec.cat\/escolapablopicasso\/wp-json\/wp\/v2\/users\/5"}],"replies":[{"embeddable":true,"href":"https:\/\/agora.xtec.cat\/escolapablopicasso\/wp-json\/wp\/v2\/comments?post=7142"}],"version-history":[{"count":1,"href":"https:\/\/agora.xtec.cat\/escolapablopicasso\/wp-json\/wp\/v2\/posts\/7142\/revisions"}],"predecessor-version":[{"id":7143,"href":"https:\/\/agora.xtec.cat\/escolapablopicasso\/wp-json\/wp\/v2\/posts\/7142\/revisions\/7143"}],"wp:attachment":[{"href":"https:\/\/agora.xtec.cat\/escolapablopicasso\/wp-json\/wp\/v2\/media?parent=7142"}],"wp:term":[{"taxonomy":"category","embeddable":true,"href":"https:\/\/agora.xtec.cat\/escolapablopicasso\/wp-json\/wp\/v2\/categories?post=7142"},{"taxonomy":"post_tag","embeddable":true,"href":"https:\/\/agora.xtec.cat\/escolapablopicasso\/wp-json\/wp\/v2\/tags?post=7142"}],"curies":[{"name":"wp","href":"https:\/\/api.w.org\/{rel}","templated":true}]}}