{"id":7134,"date":"2022-12-12T08:00:54","date_gmt":"2022-12-12T07:00:54","guid":{"rendered":"https:\/\/agora.xtec.cat\/escolapablopicasso\/?p=7134"},"modified":"2022-12-12T09:18:09","modified_gmt":"2022-12-12T08:18:09","slug":"entrades-picasso-en-concert","status":"publish","type":"post","link":"https:\/\/agora.xtec.cat\/escolapablopicasso\/general\/entrades-picasso-en-concert\/","title":{"rendered":"ENTRADES &#8220;PICASSO EN CONCERT&#8221;"},"content":{"rendered":"<p>Bon dia, fam\u00edlies!!!<\/p>\n<p>Avui dilluns 12 de desembre, us farem arribar el tr\u00edptic amb els diferents torns, les can\u00e7ons del concert i 2 entrades per infant (reviseu quin \u00e9s el torn del vostre fill\/a).<\/p>\n<p>IMPORTANT!!! Les entrades s&#8217;han de conservar i mostrar per poder garantir l&#8217;acc\u00e9s al teatre. No es pot accedir-hi sense entrada.<\/p>\n<p>Segons la normativa del T.M.C., els infants menors de tres anys no necessiten entrada sempre que no ocupin seient (asseguts a sobre d&#8217;un adult).<\/p>\n<p>Us hi esperem!!!<\/p>\n<p><a href=\"https:\/\/agora.xtec.cat\/escolapablopicasso\/wp-content\/uploads\/usu295\/2022\/12\/PICASSO-EN-CONCERT.jpg\"><img loading=\"lazy\" decoding=\"async\" class=\"aligncenter wp-image-7135 size-medium\" src=\"https:\/\/agora.xtec.cat\/escolapablopicasso\/wp-content\/uploads\/usu295\/2022\/12\/PICASSO-EN-CONCERT-212x300.jpg\" alt=\"\" width=\"212\" height=\"300\" srcset=\"https:\/\/agora.xtec.cat\/escolapablopicasso\/wp-content\/uploads\/usu295\/2022\/12\/PICASSO-EN-CONCERT-212x300.jpg 212w, https:\/\/agora.xtec.cat\/escolapablopicasso\/wp-content\/uploads\/usu295\/2022\/12\/PICASSO-EN-CONCERT-724x1024.jpg 724w, https:\/\/agora.xtec.cat\/escolapablopicasso\/wp-content\/uploads\/usu295\/2022\/12\/PICASSO-EN-CONCERT-768x1086.jpg 768w, https:\/\/agora.xtec.cat\/escolapablopicasso\/wp-content\/uploads\/usu295\/2022\/12\/PICASSO-EN-CONCERT-1086x1536.jpg 1086w, https:\/\/agora.xtec.cat\/escolapablopicasso\/wp-content\/uploads\/usu295\/2022\/12\/PICASSO-EN-CONCERT-1448x2048.jpg 1448w, https:\/\/agora.xtec.cat\/escolapablopicasso\/wp-content\/uploads\/usu295\/2022\/12\/PICASSO-EN-CONCERT.jpg 1587w\" sizes=\"auto, (max-width: 212px) 100vw, 212px\" \/><\/a><\/p>\n","protected":false},"excerpt":{"rendered":"<p>Bon dia, fam\u00edlies!!!<br \/>\nAvui dilluns 12 de desembre, us farem arribar el tr\u00edptic amb els diferents torns, les can\u00e7ons del concert i 2 entrades per infant (reviseu quin \u00e9s el torn del vostre fill\/a).<br \/>\nIMPORTANT!!! Les entrades s&#8217;han de conservar i mostrar per poder garantir l&#8217;acc\u00e9s al&hellip;  <a href=\"https:\/\/agora.xtec.cat\/escolapablopicasso\/general\/entrades-picasso-en-concert\/\" title=\"Read ENTRADES &#8220;PICASSO EN CONCERT&#8221;\">Llegeix m\u00e9s\u00bb<\/a><\/p>\n","protected":false},"author":5,"featured_media":0,"comment_status":"open","ping_status":"closed","sticky":false,"template":"","format":"standard","meta":{"_bbp_topic_count":0,"_bbp_reply_count":0,"_bbp_total_topic_count":0,"_bbp_total_reply_count":0,"_bbp_voice_count":0,"_bbp_anonymous_reply_count":0,"_bbp_topic_count_hidden":0,"_bbp_reply_count_hidden":0,"_bbp_forum_subforum_count":0,"footnotes":""},"categories":[1,4],"tags":[],"class_list":["post-7134","post","type-post","status-publish","format-standard","hentry","category-general","category-portada"],"post_mailing_queue_ids":[],"_links":{"self":[{"href":"https:\/\/agora.xtec.cat\/escolapablopicasso\/wp-json\/wp\/v2\/posts\/7134","targetHints":{"allow":["GET"]}}],"collection":[{"href":"https:\/\/agora.xtec.cat\/escolapablopicasso\/wp-json\/wp\/v2\/posts"}],"about":[{"href":"https:\/\/agora.xtec.cat\/escolapablopicasso\/wp-json\/wp\/v2\/types\/post"}],"author":[{"embeddable":true,"href":"https:\/\/agora.xtec.cat\/escolapablopicasso\/wp-json\/wp\/v2\/users\/5"}],"replies":[{"embeddable":true,"href":"https:\/\/agora.xtec.cat\/escolapablopicasso\/wp-json\/wp\/v2\/comments?post=7134"}],"version-history":[{"count":3,"href":"https:\/\/agora.xtec.cat\/escolapablopicasso\/wp-json\/wp\/v2\/posts\/7134\/revisions"}],"predecessor-version":[{"id":7139,"href":"https:\/\/agora.xtec.cat\/escolapablopicasso\/wp-json\/wp\/v2\/posts\/7134\/revisions\/7139"}],"wp:attachment":[{"href":"https:\/\/agora.xtec.cat\/escolapablopicasso\/wp-json\/wp\/v2\/media?parent=7134"}],"wp:term":[{"taxonomy":"category","embeddable":true,"href":"https:\/\/agora.xtec.cat\/escolapablopicasso\/wp-json\/wp\/v2\/categories?post=7134"},{"taxonomy":"post_tag","embeddable":true,"href":"https:\/\/agora.xtec.cat\/escolapablopicasso\/wp-json\/wp\/v2\/tags?post=7134"}],"curies":[{"name":"wp","href":"https:\/\/api.w.org\/{rel}","templated":true}]}}