{"id":7132,"date":"2022-12-02T14:01:02","date_gmt":"2022-12-02T13:01:02","guid":{"rendered":"https:\/\/agora.xtec.cat\/escolapablopicasso\/?p=7132"},"modified":"2022-12-02T14:01:02","modified_gmt":"2022-12-02T13:01:02","slug":"festius-desembre-2","status":"publish","type":"post","link":"https:\/\/agora.xtec.cat\/escolapablopicasso\/general\/festius-desembre-2\/","title":{"rendered":"FESTIUS DESEMBRE"},"content":{"rendered":"<p>Us recordem que el dilluns <strong>5\u00a0de DESEMBRE<\/strong> \u00e9s <strong>DIA DE LLIURE DISPOSICI\u00d3<\/strong>. El dimarts <strong>6\u00a0de DESEMBRE<\/strong> \u00e9s <strong>FESTIU<\/strong>. I el dijous <strong>8 de DESEMBRE<\/strong> tamb\u00e9 \u00e9s <strong>FESTIU<\/strong>\u00a0aix\u00ed que\u00a0<strong><u>L\u2019ESCOLA ROMANDR\u00c0 TANCADA<\/u><\/strong><u>.<\/u><\/p>\n<p>Ens veiem el <strong>dimecres 7<\/strong> i el <strong>divendres 9<\/strong> de desembre!!!!<\/p>\n<p><img decoding=\"async\" src=\"https:\/\/agora.xtec.cat\/escolapablopicasso\/wp-content\/uploads\/usu295\/2019\/11\/descarga.png\" \/><\/p>\n","protected":false},"excerpt":{"rendered":"<p>Us recordem que el dilluns 5\u00a0de DESEMBRE \u00e9s DIA DE LLIURE DISPOSICI\u00d3. El dimarts 6\u00a0de DESEMBRE \u00e9s FESTIU. I el dijous 8 de DESEMBRE tamb\u00e9 \u00e9s FESTIU\u00a0aix\u00ed que\u00a0L\u2019ESCOLA ROMANDR\u00c0 TANCADA.<br \/>\nEns veiem el dimecres 7 i el divendres 9 de desembre!!!!<\/p>\n","protected":false},"author":5,"featured_media":0,"comment_status":"open","ping_status":"closed","sticky":false,"template":"","format":"standard","meta":{"_bbp_topic_count":0,"_bbp_reply_count":0,"_bbp_total_topic_count":0,"_bbp_total_reply_count":0,"_bbp_voice_count":0,"_bbp_anonymous_reply_count":0,"_bbp_topic_count_hidden":0,"_bbp_reply_count_hidden":0,"_bbp_forum_subforum_count":0,"footnotes":""},"categories":[1,4],"tags":[],"class_list":["post-7132","post","type-post","status-publish","format-standard","hentry","category-general","category-portada"],"post_mailing_queue_ids":[],"_links":{"self":[{"href":"https:\/\/agora.xtec.cat\/escolapablopicasso\/wp-json\/wp\/v2\/posts\/7132","targetHints":{"allow":["GET"]}}],"collection":[{"href":"https:\/\/agora.xtec.cat\/escolapablopicasso\/wp-json\/wp\/v2\/posts"}],"about":[{"href":"https:\/\/agora.xtec.cat\/escolapablopicasso\/wp-json\/wp\/v2\/types\/post"}],"author":[{"embeddable":true,"href":"https:\/\/agora.xtec.cat\/escolapablopicasso\/wp-json\/wp\/v2\/users\/5"}],"replies":[{"embeddable":true,"href":"https:\/\/agora.xtec.cat\/escolapablopicasso\/wp-json\/wp\/v2\/comments?post=7132"}],"version-history":[{"count":1,"href":"https:\/\/agora.xtec.cat\/escolapablopicasso\/wp-json\/wp\/v2\/posts\/7132\/revisions"}],"predecessor-version":[{"id":7133,"href":"https:\/\/agora.xtec.cat\/escolapablopicasso\/wp-json\/wp\/v2\/posts\/7132\/revisions\/7133"}],"wp:attachment":[{"href":"https:\/\/agora.xtec.cat\/escolapablopicasso\/wp-json\/wp\/v2\/media?parent=7132"}],"wp:term":[{"taxonomy":"category","embeddable":true,"href":"https:\/\/agora.xtec.cat\/escolapablopicasso\/wp-json\/wp\/v2\/categories?post=7132"},{"taxonomy":"post_tag","embeddable":true,"href":"https:\/\/agora.xtec.cat\/escolapablopicasso\/wp-json\/wp\/v2\/tags?post=7132"}],"curies":[{"name":"wp","href":"https:\/\/api.w.org\/{rel}","templated":true}]}}