{"id":7123,"date":"2022-11-29T22:50:16","date_gmt":"2022-11-29T21:50:16","guid":{"rendered":"https:\/\/agora.xtec.cat\/escolapablopicasso\/?p=7123"},"modified":"2022-11-29T22:50:39","modified_gmt":"2022-11-29T21:50:39","slug":"anem-al-cim-daligues","status":"publish","type":"post","link":"https:\/\/agora.xtec.cat\/escolapablopicasso\/general\/anem-al-cim-daligues\/","title":{"rendered":"VISITA AL CIM D&#8217;\u00c0LIGUES"},"content":{"rendered":"<p style=\"text-align: justify\"><span style=\"font-weight: 400\">El martes 4 de octubre las dos clases de 4\u00ba fuimos a Sant Feliu de Codines al \u201cCim d&#8217;\u00e0ligues\u201d y ver aves y aguilas.<\/span><\/p>\n<p style=\"text-align: justify\"><span style=\"font-weight: 400\">Nuestra monitora se llamaba M\u00f3nica, nos ense\u00f1o mucho sobre las aves, \u00e1guilas, b\u00fahos\u2026 Tambi\u00e9n hizo muy buen tiempo, soleado la mayor parte del d\u00eda, pese a que al final de la tarde bajo un poco la temperatura.<\/span><\/p>\n<p style=\"text-align: justify\"><span style=\"font-weight: 400\">Nos\u00a0 ha gustado mucho, sobre todo, el final cuando nos ense\u00f1aron muchas aves, b\u00fahos, p\u00e1jaros y \u00e1guilas volando que nos pasaron por encima.\u00a0<\/span><\/p>\n<p style=\"text-align: justify\"><span style=\"font-weight: 400\">Cuando nos fuimos del \u201cCim d\u2019\u00e0ligues\u201d fuimos a otro pueblo que se llamaba Palau Solit\u00e0 i Plegamans a comer en un parque, se llamaba el tren de Palau. Hab\u00edan torres, tirolinas\u2026 Fue muy divertido y nos encant\u00f3.<\/span><\/p>\n<p style=\"text-align: justify\">Zoe y Juanjo<\/p>\n<p>Clica l&#8217;enlla\u00e7 per veure el v\u00eddeo:\u00a0<a href=\"https:\/\/photos.app.goo.gl\/QnDpNSKsBS7kuHm99\">https:\/\/photos.app.goo.gl\/QnDpNSKsBS7kuHm99<\/a><\/p>\n","protected":false},"excerpt":{"rendered":"<p>El martes 4 de octubre las dos clases de 4\u00ba fuimos a Sant Feliu de Codines al \u201cCim d&#8217;\u00e0ligues\u201d y ver aves y aguilas.&hellip;  <a href=\"https:\/\/agora.xtec.cat\/escolapablopicasso\/general\/anem-al-cim-daligues\/\" title=\"Read VISITA AL CIM D&#8217;\u00c0LIGUES\">Llegeix m\u00e9s\u00bb<\/a><\/p>\n","protected":false},"author":4,"featured_media":7124,"comment_status":"open","ping_status":"closed","sticky":false,"template":"","format":"standard","meta":{"_bbp_topic_count":0,"_bbp_reply_count":0,"_bbp_total_topic_count":0,"_bbp_total_reply_count":0,"_bbp_voice_count":0,"_bbp_anonymous_reply_count":0,"_bbp_topic_count_hidden":0,"_bbp_reply_count_hidden":0,"_bbp_forum_subforum_count":0,"footnotes":""},"categories":[13,1,5,30],"tags":[],"class_list":["post-7123","post","type-post","status-publish","format-standard","has-post-thumbnail","hentry","category-4t","category-general","category-primaria","category-sortides"],"post_mailing_queue_ids":[],"_links":{"self":[{"href":"https:\/\/agora.xtec.cat\/escolapablopicasso\/wp-json\/wp\/v2\/posts\/7123","targetHints":{"allow":["GET"]}}],"collection":[{"href":"https:\/\/agora.xtec.cat\/escolapablopicasso\/wp-json\/wp\/v2\/posts"}],"about":[{"href":"https:\/\/agora.xtec.cat\/escolapablopicasso\/wp-json\/wp\/v2\/types\/post"}],"author":[{"embeddable":true,"href":"https:\/\/agora.xtec.cat\/escolapablopicasso\/wp-json\/wp\/v2\/users\/4"}],"replies":[{"embeddable":true,"href":"https:\/\/agora.xtec.cat\/escolapablopicasso\/wp-json\/wp\/v2\/comments?post=7123"}],"version-history":[{"count":2,"href":"https:\/\/agora.xtec.cat\/escolapablopicasso\/wp-json\/wp\/v2\/posts\/7123\/revisions"}],"predecessor-version":[{"id":7126,"href":"https:\/\/agora.xtec.cat\/escolapablopicasso\/wp-json\/wp\/v2\/posts\/7123\/revisions\/7126"}],"wp:featuredmedia":[{"embeddable":true,"href":"https:\/\/agora.xtec.cat\/escolapablopicasso\/wp-json\/wp\/v2\/media\/7124"}],"wp:attachment":[{"href":"https:\/\/agora.xtec.cat\/escolapablopicasso\/wp-json\/wp\/v2\/media?parent=7123"}],"wp:term":[{"taxonomy":"category","embeddable":true,"href":"https:\/\/agora.xtec.cat\/escolapablopicasso\/wp-json\/wp\/v2\/categories?post=7123"},{"taxonomy":"post_tag","embeddable":true,"href":"https:\/\/agora.xtec.cat\/escolapablopicasso\/wp-json\/wp\/v2\/tags?post=7123"}],"curies":[{"name":"wp","href":"https:\/\/api.w.org\/{rel}","templated":true}]}}