{"id":7104,"date":"2022-11-18T09:00:29","date_gmt":"2022-11-18T08:00:29","guid":{"rendered":"https:\/\/agora.xtec.cat\/escolapablopicasso\/?p=7104"},"modified":"2022-11-14T13:52:07","modified_gmt":"2022-11-14T12:52:07","slug":"picasso-en-concert-torns-i-vestuari-2","status":"publish","type":"post","link":"https:\/\/agora.xtec.cat\/escolapablopicasso\/general\/picasso-en-concert-torns-i-vestuari-2\/","title":{"rendered":"PICASSO EN CONCERT. TORNS I VESTUARI"},"content":{"rendered":"<p>Benvolgudes fam\u00edlies,<\/p>\n<p>El <strong><u>dimecres 14 de desembre<\/u><\/strong> celebrarem el concert com cada any al T.M.C. El concert ser\u00e0 en tres torns:<\/p>\n<p><strong>-Primer torn: 9:30h a 10:30h. 3<\/strong><strong>rA, 4tA, 5\u00e8A, 5\u00e8C i 6\u00e8A.<\/strong><\/p>\n<p><strong>-Segon torn: 11:00h a 12h. <\/strong><strong>P3, P4, P5, 1r i 2n.<\/strong><\/p>\n<p><strong>-Tercer torn: 15:30h a 16:20h. <\/strong><strong>3rB, 4tB, 5\u00e8B i 6\u00e8B.<\/strong><\/p>\n<p>Des de l\u2019\u00e0rea de m\u00fasica, l\u2019alumnat i les mestres de m\u00fasica i angl\u00e8s han acordat per cursos com aniran vestits aquest dia, en relaci\u00f3 amb la can\u00e7\u00f3 que cantaran.<\/p>\n<p>Aqu\u00ed teniu les consignes de vestuari:<\/p>\n<table>\n<tbody>\n<tr>\n<td width=\"52\"><strong>P3<\/strong><\/td>\n<td width=\"579\">Part superior amb samarreta\/camisa <strong><u>vermella<\/u><\/strong>. Part inferior fosca.<\/td>\n<\/tr>\n<tr>\n<td width=\"52\"><strong>P4<\/strong><\/td>\n<td width=\"579\">Part superior amb samarreta\/camisa <strong><u>blau cel<\/u><\/strong>. Part inferior fosca. Gorro de llana.<\/td>\n<\/tr>\n<tr>\n<td width=\"52\"><strong>P5<\/strong><\/td>\n<td width=\"579\">Part superior amb samarreta\/camisa <strong><u>blanca<\/u><\/strong>. Part inferior fosca. Guants i bufanda.<\/td>\n<\/tr>\n<tr>\n<td width=\"52\"><strong>1r<\/strong><\/td>\n<td width=\"579\">Part superior amb samarreta\/camisa <strong><u>blau cel<\/u><\/strong>. Part inferior fosca. Complement rock.<\/td>\n<\/tr>\n<tr>\n<td width=\"52\"><strong>2n<\/strong><\/td>\n<td width=\"579\">Part superior amb samarreta\/camisa <strong><u>blanca<\/u><\/strong>. Part inferior fosca. Estrella***<\/td>\n<\/tr>\n<tr>\n<td width=\"52\"><strong>3r<\/strong><\/td>\n<td width=\"579\">Part superior amb samarreta\/camisa del <strong><u>color que vulguin<\/u><\/strong>. Part inferior fosca.<\/td>\n<\/tr>\n<tr>\n<td width=\"52\"><strong>4t<\/strong><\/td>\n<td width=\"579\">Part superior amb samarreta\/camisa <strong><u>blanca<\/u><\/strong>. Part inferior fosca.<\/td>\n<\/tr>\n<tr>\n<td width=\"52\"><strong>5\u00e8<\/strong><\/td>\n<td width=\"579\">Part superior i inferior <strong><u>negre.<\/u><\/strong> Barret de lluentons.<\/td>\n<\/tr>\n<tr>\n<td width=\"52\"><strong>6\u00e8<\/strong><\/td>\n<td width=\"579\">Part superior del <strong><u>color que vulguin.<\/u><\/strong> Part inferior fosca. Lluna, ventall i cara contenta***<\/td>\n<\/tr>\n<\/tbody>\n<\/table>\n<p>***rebreu un Din\u00e0ntia amb instruccions per fer els complements.<\/p>\n<p>Us hi esperem! No hi podeu faltar!<\/p>\n<p style=\"text-align: right;\">Mestres de m\u00fasica i angl\u00e8s<\/p>\n","protected":false},"excerpt":{"rendered":"<p>Benvolgudes fam\u00edlies,<br \/>\nEl dimecres 14 de desembre celebrarem el concert com cada any al T.M.C. El concert ser\u00e0 en tres torns:<br \/>\n-Primer torn: 9:30h a 10:30h. 3rA, 4tA, 5\u00e8A, 5\u00e8C i 6\u00e8A.<br \/>\n-Segon torn: 11:00h a 12h. P3, P4, P5, 1r i 2n.<br \/>\n-Tercer torn: 15:30h a 16:20h. 3rB,&hellip;  <a href=\"https:\/\/agora.xtec.cat\/escolapablopicasso\/general\/picasso-en-concert-torns-i-vestuari-2\/\" title=\"Read PICASSO EN CONCERT. TORNS I VESTUARI\">Llegeix m\u00e9s\u00bb<\/a><\/p>\n","protected":false},"author":5,"featured_media":0,"comment_status":"open","ping_status":"closed","sticky":false,"template":"","format":"standard","meta":{"_bbp_topic_count":0,"_bbp_reply_count":0,"_bbp_total_topic_count":0,"_bbp_total_reply_count":0,"_bbp_voice_count":0,"_bbp_anonymous_reply_count":0,"_bbp_topic_count_hidden":0,"_bbp_reply_count_hidden":0,"_bbp_forum_subforum_count":0,"footnotes":""},"categories":[22,23,1,2,24,4,5],"tags":[],"class_list":["post-7104","post","type-post","status-publish","format-standard","hentry","category-angles","category-nadal","category-general","category-infantil","category-musica","category-portada","category-primaria"],"post_mailing_queue_ids":[],"_links":{"self":[{"href":"https:\/\/agora.xtec.cat\/escolapablopicasso\/wp-json\/wp\/v2\/posts\/7104","targetHints":{"allow":["GET"]}}],"collection":[{"href":"https:\/\/agora.xtec.cat\/escolapablopicasso\/wp-json\/wp\/v2\/posts"}],"about":[{"href":"https:\/\/agora.xtec.cat\/escolapablopicasso\/wp-json\/wp\/v2\/types\/post"}],"author":[{"embeddable":true,"href":"https:\/\/agora.xtec.cat\/escolapablopicasso\/wp-json\/wp\/v2\/users\/5"}],"replies":[{"embeddable":true,"href":"https:\/\/agora.xtec.cat\/escolapablopicasso\/wp-json\/wp\/v2\/comments?post=7104"}],"version-history":[{"count":1,"href":"https:\/\/agora.xtec.cat\/escolapablopicasso\/wp-json\/wp\/v2\/posts\/7104\/revisions"}],"predecessor-version":[{"id":7105,"href":"https:\/\/agora.xtec.cat\/escolapablopicasso\/wp-json\/wp\/v2\/posts\/7104\/revisions\/7105"}],"wp:attachment":[{"href":"https:\/\/agora.xtec.cat\/escolapablopicasso\/wp-json\/wp\/v2\/media?parent=7104"}],"wp:term":[{"taxonomy":"category","embeddable":true,"href":"https:\/\/agora.xtec.cat\/escolapablopicasso\/wp-json\/wp\/v2\/categories?post=7104"},{"taxonomy":"post_tag","embeddable":true,"href":"https:\/\/agora.xtec.cat\/escolapablopicasso\/wp-json\/wp\/v2\/tags?post=7104"}],"curies":[{"name":"wp","href":"https:\/\/api.w.org\/{rel}","templated":true}]}}