{"id":7086,"date":"2022-11-01T13:20:43","date_gmt":"2022-11-01T12:20:43","guid":{"rendered":"https:\/\/agora.xtec.cat\/escolapablopicasso\/?p=7086"},"modified":"2022-11-03T13:29:33","modified_gmt":"2022-11-03T12:29:33","slug":"artista-del-mes-roger-serra","status":"publish","type":"post","link":"https:\/\/agora.xtec.cat\/escolapablopicasso\/general\/artista-del-mes-roger-serra\/","title":{"rendered":"ARTISTA DEL MES: ROGER SERRA"},"content":{"rendered":"<p>I aquest mes, tenim un artista &#8220;kil\u00f2metre zero&#8221;: Roger Serra, mestre de 3rB i artista.<\/p>\n<p><strong>Roger Serra <\/strong>(Barcelona) Artista emergent autodidacta amb influ\u00e8ncies rellevants dels pintors surrealistes catalans. Des del 2021 forma part de l\u2019 Associaci\u00f3\u00a0 d\u2019artistes de Cerdanyola. Despr\u00e9s de participar a l\u2019exposici\u00f3 col\u00b7lectiva: \u201cAire, vent; La dansa de les branques\u201d aquesta \u00e9s la seva primera exposici\u00f3 individual: Mapes i Coordenades.<\/p>\n<p><a href=\"https:\/\/agora.xtec.cat\/escolapablopicasso\/wp-content\/uploads\/usu295\/2022\/11\/roger-1.jpg\"><img loading=\"lazy\" decoding=\"async\" class=\"aligncenter size-full wp-image-7088\" src=\"https:\/\/agora.xtec.cat\/escolapablopicasso\/wp-content\/uploads\/usu295\/2022\/11\/roger-1.jpg\" alt=\"\" width=\"392\" height=\"296\" srcset=\"https:\/\/agora.xtec.cat\/escolapablopicasso\/wp-content\/uploads\/usu295\/2022\/11\/roger-1.jpg 392w, https:\/\/agora.xtec.cat\/escolapablopicasso\/wp-content\/uploads\/usu295\/2022\/11\/roger-1-300x227.jpg 300w, https:\/\/agora.xtec.cat\/escolapablopicasso\/wp-content\/uploads\/usu295\/2022\/11\/roger-1-200x150.jpg 200w\" sizes=\"auto, (max-width: 392px) 100vw, 392px\" \/><\/a><\/p>\n<p>&nbsp;<\/p>\n<p><em>&#8220;El dibuix i la pintura s<\/em><em>\u00f3n dues de les grans passions que tinc. Des de ben jove m\u2019ha agradat provar i experimentar amb les pintures ( acr\u00edlic, tinta xinesa i acr\u00edlic l\u00edquid). Quan disposo de temps preparo i pinto quadres amb ll\u00e0mines o llen\u00e7os de diferents tamanys ( 50 x 70, 40 x 60<\/em><em>\u2026<\/em><em> ). Alhora, porto sempre a m\u00e0 una llibreta de DNA-4 per dibuixar a llapis tot el que s\u2019em passa pel cap. Mai deixo el dibuix, i intento fer quelcom cada dia. Em fa sentir molt millor,\u00a0 em produeix satisfacci\u00f3&#8221;<\/em><\/p>\n<p>&nbsp;<\/p>\n","protected":false},"excerpt":{"rendered":"<p>I aquest mes, tenim un artista &#8220;kil\u00f2metre zero&#8221;: Roger Serra, mestre de 3rB i artista.<br \/>\nRoger Serra (Barcelona) Artista emergent autodidacta amb influ\u00e8ncies rellevants dels pintors surrealistes catalans. Des del 2021 forma part de l\u2019 Associaci\u00f3\u00a0 d\u2019artistes de Cerdanyola. Despr\u00e9s de participar a l\u2019exposici\u00f3 col\u00b7lectiva: \u201cAire,&hellip;  <a href=\"https:\/\/agora.xtec.cat\/escolapablopicasso\/general\/artista-del-mes-roger-serra\/\" title=\"Read ARTISTA DEL MES: ROGER SERRA\">Llegeix m\u00e9s\u00bb<\/a><\/p>\n","protected":false},"author":5,"featured_media":0,"comment_status":"open","ping_status":"closed","sticky":false,"template":"","format":"standard","meta":{"_bbp_topic_count":0,"_bbp_reply_count":0,"_bbp_total_topic_count":0,"_bbp_total_reply_count":0,"_bbp_voice_count":0,"_bbp_anonymous_reply_count":0,"_bbp_topic_count_hidden":0,"_bbp_reply_count_hidden":0,"_bbp_forum_subforum_count":0,"footnotes":""},"categories":[1,4],"tags":[],"class_list":["post-7086","post","type-post","status-publish","format-standard","hentry","category-general","category-portada"],"post_mailing_queue_ids":[],"_links":{"self":[{"href":"https:\/\/agora.xtec.cat\/escolapablopicasso\/wp-json\/wp\/v2\/posts\/7086","targetHints":{"allow":["GET"]}}],"collection":[{"href":"https:\/\/agora.xtec.cat\/escolapablopicasso\/wp-json\/wp\/v2\/posts"}],"about":[{"href":"https:\/\/agora.xtec.cat\/escolapablopicasso\/wp-json\/wp\/v2\/types\/post"}],"author":[{"embeddable":true,"href":"https:\/\/agora.xtec.cat\/escolapablopicasso\/wp-json\/wp\/v2\/users\/5"}],"replies":[{"embeddable":true,"href":"https:\/\/agora.xtec.cat\/escolapablopicasso\/wp-json\/wp\/v2\/comments?post=7086"}],"version-history":[{"count":1,"href":"https:\/\/agora.xtec.cat\/escolapablopicasso\/wp-json\/wp\/v2\/posts\/7086\/revisions"}],"predecessor-version":[{"id":7089,"href":"https:\/\/agora.xtec.cat\/escolapablopicasso\/wp-json\/wp\/v2\/posts\/7086\/revisions\/7089"}],"wp:attachment":[{"href":"https:\/\/agora.xtec.cat\/escolapablopicasso\/wp-json\/wp\/v2\/media?parent=7086"}],"wp:term":[{"taxonomy":"category","embeddable":true,"href":"https:\/\/agora.xtec.cat\/escolapablopicasso\/wp-json\/wp\/v2\/categories?post=7086"},{"taxonomy":"post_tag","embeddable":true,"href":"https:\/\/agora.xtec.cat\/escolapablopicasso\/wp-json\/wp\/v2\/tags?post=7086"}],"curies":[{"name":"wp","href":"https:\/\/api.w.org\/{rel}","templated":true}]}}