{"id":706,"date":"2012-05-20T08:45:57","date_gmt":"2012-05-20T07:45:57","guid":{"rendered":"http:\/\/blocs.xtec.cat\/escolapablopicasso\/?p=706"},"modified":"2015-11-05T00:45:28","modified_gmt":"2015-11-04T23:45:28","slug":"galetes-a-can-canadell","status":"publish","type":"post","link":"https:\/\/agora.xtec.cat\/escolapablopicasso\/general\/galetes-a-can-canadell\/","title":{"rendered":"LES PAPALLONES I LES TORTUGUES ANEM A FER GALETES A CAN CANADELL"},"content":{"rendered":"<p><span style=\"color: #000000;\">Hola fam\u00edlies! Vam estar treballant els aliments a la classe, qu\u00e8 mengem, qu\u00e8 ens agrada m\u00e9s, per qu\u00e8 mengem, el gust i olor dels aliments, vam fer de cuiners\u2026 i aqu\u00ed el punt final\u2026. les tortugues i les papallones vam marxar a Can Canadell a fer galetes! Voleu fer una ullada?<\/span><\/p>\n<div>\n<h3 style=\"padding: 0px; margin: 3px;\"><a style=\"font: normal 18px,arial;\" href=\"http:\/\/www.authorstream.com\/Presentation\/aSGuest135487-1423770-fem-galetes-can-canadell\/\" target=\"_blank\">FEM GALETES A CAN CANADELL<\/a><\/h3>\n<p><object id=\"player\" width=\"425\" height=\"354\"><param name=\"movie\" value=\"http:\/\/www.authorstream.com\/player.swf?fb=0&amp;nb=1&amp;ct=5&amp;pl=as&amp;ap=0&amp;c=dfdfdf&amp;p=1423770_634731180837886250&amp;fi=1\" \/><param name=\"allowFullScreenInteractive\" value=\"true\" \/><param name=\"allowScriptAccess\" value=\"always\" \/><embed src=\"http:\/\/www.authorstream.com\/player.swf?fb=0&amp;nb=1&amp;ct=5&amp;pl=as&amp;ap=0&amp;c=dfdfdf&amp;p=1423770_634731180837886250&amp;fi=1\" type=\"application\/x-shockwave-flash\" allowscriptaccess=\"always\" allowfullscreeninteractive=\"true\" width=\"425\" height=\"354\" \/><\/object><\/p>\n<div style=\"font-family: arial; font-style: normal; font-variant: normal; font-weight: normal; font-size: 11px; line-height: normal; font-size-adjust: none; font-stretch: normal;\"><\/div>\n<\/div>\n","protected":false},"excerpt":{"rendered":"<p>Hola fam\u00edlies! Vam estar treballant els aliments a la classe, qu\u00e8 mengem, qu\u00e8 ens agrada m\u00e9s, per qu\u00e8 mengem, el gust i olor dels aliments, vam fer de cuiners\u2026 i aqu\u00ed el punt final\u2026. les tortugues i les papallones vam marxar a Can Canadell a&hellip;  <a href=\"https:\/\/agora.xtec.cat\/escolapablopicasso\/general\/galetes-a-can-canadell\/\" title=\"Read LES PAPALLONES I LES TORTUGUES ANEM A FER GALETES A CAN CANADELL\">Llegeix m\u00e9s\u00bb<\/a><\/p>\n","protected":false},"author":3,"featured_media":0,"comment_status":"open","ping_status":"open","sticky":false,"template":"","format":"standard","meta":{"_bbp_topic_count":0,"_bbp_reply_count":0,"_bbp_total_topic_count":0,"_bbp_total_reply_count":0,"_bbp_voice_count":0,"_bbp_anonymous_reply_count":0,"_bbp_topic_count_hidden":0,"_bbp_reply_count_hidden":0,"_bbp_forum_subforum_count":0,"footnotes":""},"categories":[1,3,30],"tags":[],"class_list":["post-706","post","type-post","status-publish","format-standard","hentry","category-general","category-i3","category-sortides"],"post_mailing_queue_ids":[],"_links":{"self":[{"href":"https:\/\/agora.xtec.cat\/escolapablopicasso\/wp-json\/wp\/v2\/posts\/706","targetHints":{"allow":["GET"]}}],"collection":[{"href":"https:\/\/agora.xtec.cat\/escolapablopicasso\/wp-json\/wp\/v2\/posts"}],"about":[{"href":"https:\/\/agora.xtec.cat\/escolapablopicasso\/wp-json\/wp\/v2\/types\/post"}],"author":[{"embeddable":true,"href":"https:\/\/agora.xtec.cat\/escolapablopicasso\/wp-json\/wp\/v2\/users\/3"}],"replies":[{"embeddable":true,"href":"https:\/\/agora.xtec.cat\/escolapablopicasso\/wp-json\/wp\/v2\/comments?post=706"}],"version-history":[{"count":1,"href":"https:\/\/agora.xtec.cat\/escolapablopicasso\/wp-json\/wp\/v2\/posts\/706\/revisions"}],"predecessor-version":[{"id":1576,"href":"https:\/\/agora.xtec.cat\/escolapablopicasso\/wp-json\/wp\/v2\/posts\/706\/revisions\/1576"}],"wp:attachment":[{"href":"https:\/\/agora.xtec.cat\/escolapablopicasso\/wp-json\/wp\/v2\/media?parent=706"}],"wp:term":[{"taxonomy":"category","embeddable":true,"href":"https:\/\/agora.xtec.cat\/escolapablopicasso\/wp-json\/wp\/v2\/categories?post=706"},{"taxonomy":"post_tag","embeddable":true,"href":"https:\/\/agora.xtec.cat\/escolapablopicasso\/wp-json\/wp\/v2\/tags?post=706"}],"curies":[{"name":"wp","href":"https:\/\/api.w.org\/{rel}","templated":true}]}}