{"id":7059,"date":"2022-10-06T19:30:27","date_gmt":"2022-10-06T17:30:27","guid":{"rendered":"https:\/\/agora.xtec.cat\/escolapablopicasso\/?p=7059"},"modified":"2022-10-16T19:32:53","modified_gmt":"2022-10-16T17:32:53","slug":"la-verema-2n-3","status":"publish","type":"post","link":"https:\/\/agora.xtec.cat\/escolapablopicasso\/general\/la-verema-2n-3\/","title":{"rendered":"LA VEREMA- 2n"},"content":{"rendered":"<p><a href=\"https:\/\/agora.xtec.cat\/escolapablopicasso\/wp-content\/uploads\/usu295\/2022\/10\/verema-2n.png\"><img loading=\"lazy\" decoding=\"async\" class=\"aligncenter size-full wp-image-7060\" src=\"https:\/\/agora.xtec.cat\/escolapablopicasso\/wp-content\/uploads\/usu295\/2022\/10\/verema-2n.png\" alt=\"\" width=\"1920\" height=\"1080\" srcset=\"https:\/\/agora.xtec.cat\/escolapablopicasso\/wp-content\/uploads\/usu295\/2022\/10\/verema-2n.png 1920w, https:\/\/agora.xtec.cat\/escolapablopicasso\/wp-content\/uploads\/usu295\/2022\/10\/verema-2n-300x169.png 300w, https:\/\/agora.xtec.cat\/escolapablopicasso\/wp-content\/uploads\/usu295\/2022\/10\/verema-2n-1024x576.png 1024w, https:\/\/agora.xtec.cat\/escolapablopicasso\/wp-content\/uploads\/usu295\/2022\/10\/verema-2n-768x432.png 768w, https:\/\/agora.xtec.cat\/escolapablopicasso\/wp-content\/uploads\/usu295\/2022\/10\/verema-2n-1536x864.png 1536w\" sizes=\"auto, (max-width: 1920px) 100vw, 1920px\" \/><\/a><\/p>\n<div>\n<p>El passat dijous 6 d&#8217;octubre, els alumnes de 2n van anar al Xaragall (Llinars del Vall\u00e8s) a fer la verema.<\/p>\n<p>All\u00e0 van con\u00e8ixer les parts del cep, van trepitjar el ra\u00efm, van tastar el most i van con\u00e8ixer els animals de la granja.<\/p>\n<\/div>\n<p>&nbsp;<\/p>\n","protected":false},"excerpt":{"rendered":"<p><a href=\"https:\/\/agora.xtec.cat\/escolapablopicasso\/wp-content\/uploads\/usu295\/2022\/10\/verema-2n.png\"><\/a><\/p>\n<p>El passat dijous 6 d&#8217;octubre, els alumnes de 2n van anar al Xaragall (Llinars del Vall\u00e8s) a fer la verema.<br \/>\nAll\u00e0 van con\u00e8ixer les parts del cep, van trepitjar el ra\u00efm, van tastar el most i van con\u00e8ixer els animals de la granja.<\/p>\n<p>&nbsp;<\/p>\n","protected":false},"author":5,"featured_media":0,"comment_status":"open","ping_status":"closed","sticky":false,"template":"","format":"standard","meta":{"_bbp_topic_count":0,"_bbp_reply_count":0,"_bbp_total_topic_count":0,"_bbp_total_reply_count":0,"_bbp_voice_count":0,"_bbp_anonymous_reply_count":0,"_bbp_topic_count_hidden":0,"_bbp_reply_count_hidden":0,"_bbp_forum_subforum_count":0,"footnotes":""},"categories":[11,1,30],"tags":[],"class_list":["post-7059","post","type-post","status-publish","format-standard","hentry","category-2n","category-general","category-sortides"],"post_mailing_queue_ids":[],"_links":{"self":[{"href":"https:\/\/agora.xtec.cat\/escolapablopicasso\/wp-json\/wp\/v2\/posts\/7059","targetHints":{"allow":["GET"]}}],"collection":[{"href":"https:\/\/agora.xtec.cat\/escolapablopicasso\/wp-json\/wp\/v2\/posts"}],"about":[{"href":"https:\/\/agora.xtec.cat\/escolapablopicasso\/wp-json\/wp\/v2\/types\/post"}],"author":[{"embeddable":true,"href":"https:\/\/agora.xtec.cat\/escolapablopicasso\/wp-json\/wp\/v2\/users\/5"}],"replies":[{"embeddable":true,"href":"https:\/\/agora.xtec.cat\/escolapablopicasso\/wp-json\/wp\/v2\/comments?post=7059"}],"version-history":[{"count":2,"href":"https:\/\/agora.xtec.cat\/escolapablopicasso\/wp-json\/wp\/v2\/posts\/7059\/revisions"}],"predecessor-version":[{"id":7062,"href":"https:\/\/agora.xtec.cat\/escolapablopicasso\/wp-json\/wp\/v2\/posts\/7059\/revisions\/7062"}],"wp:attachment":[{"href":"https:\/\/agora.xtec.cat\/escolapablopicasso\/wp-json\/wp\/v2\/media?parent=7059"}],"wp:term":[{"taxonomy":"category","embeddable":true,"href":"https:\/\/agora.xtec.cat\/escolapablopicasso\/wp-json\/wp\/v2\/categories?post=7059"},{"taxonomy":"post_tag","embeddable":true,"href":"https:\/\/agora.xtec.cat\/escolapablopicasso\/wp-json\/wp\/v2\/tags?post=7059"}],"curies":[{"name":"wp","href":"https:\/\/api.w.org\/{rel}","templated":true}]}}