{"id":7028,"date":"2022-09-02T08:54:38","date_gmt":"2022-09-02T06:54:38","guid":{"rendered":"https:\/\/agora.xtec.cat\/escolapablopicasso\/?p=7028"},"modified":"2022-09-05T08:58:18","modified_gmt":"2022-09-05T06:58:18","slug":"full-groc-organitzacio-curs-2022-2023","status":"publish","type":"post","link":"https:\/\/agora.xtec.cat\/escolapablopicasso\/general\/full-groc-organitzacio-curs-2022-2023\/","title":{"rendered":"Full groc organitzaci\u00f3 curs 2022-2023"},"content":{"rendered":"<p>Us fem arribar el &#8220;Full groc d&#8217;organitzaci\u00f3 curs 2022-2023&#8221;<\/p>\n<p>Us preguem que el llegiu amb atenci\u00f3 perqu\u00e8 entre tots i totes aconseguim un bon funcionament i organitzaci\u00f3 del centre.<\/p>\n<p style=\"margin: 12px auto 6px auto; font-family: Helvetica,Arial,Sans-serif; font-style: normal; font-variant: normal; font-weight: normal; font-size: 14px; line-height: normal; font-size-adjust: none; font-stretch: normal; -x-system-font: none; display: block;\"><a style=\"text-decoration: underline;\" title=\"View Full Groc Organitzaci\u00f3 22-23 on Scribd\" href=\"https:\/\/www.scribd.com\/document\/591904966\/Full-Groc-Organitzacio-22-23#from_embed\">Full Groc Organitzaci\u00f3 22-23<\/a> by <a style=\"text-decoration: underline;\" title=\"View M.ANGELES MORENO BALLESTER's profile on Scribd\" href=\"https:\/\/www.scribd.com\/user\/493256184\/M-ANGELES-MORENO-BALLESTER#from_embed\">M.ANGELES MORENO BALLESTER<\/a> on Scribd<\/p>\n<p><iframe loading=\"lazy\" id=\"doc_33273\" class=\"scribd_iframe_embed\" title=\"Full Groc Organitzaci\u00f3 22-23\" src=\"https:\/\/www.scribd.com\/embeds\/591904966\/content?start_page=1&amp;view_mode=scroll&amp;access_key=key-cgrkwN9XJjjNKclSXCaA\" width=\"100%\" height=\"600\" frameborder=\"0\" scrolling=\"no\" data-auto-height=\"false\" data-aspect-ratio=\"0.7080062794348508\"><\/iframe><\/p>\n","protected":false},"excerpt":{"rendered":"<p>Us fem arribar el &#8220;Full groc d&#8217;organitzaci\u00f3 curs 2022-2023&#8221;<br \/>\nUs preguem que el llegiu amb atenci\u00f3 perqu\u00e8 entre tots i totes aconseguim un bon funcionament i organitzaci\u00f3 del centre.<br \/>\n<a style=\"text-decoration: underline;\" title=\"View Full Groc Organitzaci\u00f3 22-23 on Scribd\" href=\"https:\/\/www.scribd.com\/document\/591904966\/Full-Groc-Organitzacio-22-23#from_embed\">Full Groc Organitzaci\u00f3 22-23<\/a> by <a style=\"text-decoration: underline;\"&hellip;  <a href=\"https:\/\/agora.xtec.cat\/escolapablopicasso\/general\/full-groc-organitzacio-curs-2022-2023\/\" title=\"Read Full groc organitzaci\u00f3 curs 2022-2023\">Llegeix m\u00e9s\u00bb<\/a><\/p>\n","protected":false},"author":5,"featured_media":0,"comment_status":"open","ping_status":"closed","sticky":false,"template":"","format":"standard","meta":{"_bbp_topic_count":0,"_bbp_reply_count":0,"_bbp_total_topic_count":0,"_bbp_total_reply_count":0,"_bbp_voice_count":0,"_bbp_anonymous_reply_count":0,"_bbp_topic_count_hidden":0,"_bbp_reply_count_hidden":0,"_bbp_forum_subforum_count":0,"footnotes":""},"categories":[1,4],"tags":[],"class_list":["post-7028","post","type-post","status-publish","format-standard","hentry","category-general","category-portada"],"post_mailing_queue_ids":[],"_links":{"self":[{"href":"https:\/\/agora.xtec.cat\/escolapablopicasso\/wp-json\/wp\/v2\/posts\/7028","targetHints":{"allow":["GET"]}}],"collection":[{"href":"https:\/\/agora.xtec.cat\/escolapablopicasso\/wp-json\/wp\/v2\/posts"}],"about":[{"href":"https:\/\/agora.xtec.cat\/escolapablopicasso\/wp-json\/wp\/v2\/types\/post"}],"author":[{"embeddable":true,"href":"https:\/\/agora.xtec.cat\/escolapablopicasso\/wp-json\/wp\/v2\/users\/5"}],"replies":[{"embeddable":true,"href":"https:\/\/agora.xtec.cat\/escolapablopicasso\/wp-json\/wp\/v2\/comments?post=7028"}],"version-history":[{"count":1,"href":"https:\/\/agora.xtec.cat\/escolapablopicasso\/wp-json\/wp\/v2\/posts\/7028\/revisions"}],"predecessor-version":[{"id":7029,"href":"https:\/\/agora.xtec.cat\/escolapablopicasso\/wp-json\/wp\/v2\/posts\/7028\/revisions\/7029"}],"wp:attachment":[{"href":"https:\/\/agora.xtec.cat\/escolapablopicasso\/wp-json\/wp\/v2\/media?parent=7028"}],"wp:term":[{"taxonomy":"category","embeddable":true,"href":"https:\/\/agora.xtec.cat\/escolapablopicasso\/wp-json\/wp\/v2\/categories?post=7028"},{"taxonomy":"post_tag","embeddable":true,"href":"https:\/\/agora.xtec.cat\/escolapablopicasso\/wp-json\/wp\/v2\/tags?post=7028"}],"curies":[{"name":"wp","href":"https:\/\/api.w.org\/{rel}","templated":true}]}}