{"id":7012,"date":"2022-06-22T13:09:54","date_gmt":"2022-06-22T11:09:54","guid":{"rendered":"https:\/\/agora.xtec.cat\/escolapablopicasso\/?p=7012"},"modified":"2022-07-06T13:26:56","modified_gmt":"2022-07-06T11:26:56","slug":"ultim-dia-de-curs","status":"publish","type":"post","link":"https:\/\/agora.xtec.cat\/escolapablopicasso\/general\/ultim-dia-de-curs\/","title":{"rendered":"\u00daLTIM DIA DE CURS"},"content":{"rendered":"<p>Avui, \u00faltim dia del curs 2021-22 hem fet una gran festassa per acomiadar-nos amb un taller de bombolles a Educaci\u00f3 Infantil i un taller de zumba a Educaci\u00f3 Prim\u00e0ria.<\/p>\n<p>Despr\u00e9s hem tingut un delici\u00f3s esmorzar a c\u00e0rrec de l&#8217;AFA.<\/p>\n<p>Hem gaudit de valent i encarem l\u2019estiu amb un bon somriure.<\/p>\n<p>Aqu\u00ed us deixem un v\u00eddeo.<\/p>\n<p><iframe loading=\"lazy\" src=\"\/\/www.youtube.com\/embed\/9YWMzpTUIYo\" width=\"560\" height=\"314\" allowfullscreen=\"allowfullscreen\"><\/iframe><\/p>\n","protected":false},"excerpt":{"rendered":"<p>Avui, \u00faltim dia del curs 2021-22 hem fet una gran festassa per acomiadar-nos amb un taller de bombolles a Educaci\u00f3 Infantil i un taller de zumba a Educaci\u00f3 Prim\u00e0ria.<br \/>\nDespr\u00e9s hem tingut un delici\u00f3s esmorzar a c\u00e0rrec de l&#8217;AFA.<br \/>\nHem gaudit de valent i encarem l\u2019estiu amb&hellip;  <a href=\"https:\/\/agora.xtec.cat\/escolapablopicasso\/general\/ultim-dia-de-curs\/\" title=\"Read \u00daLTIM DIA DE CURS\">Llegeix m\u00e9s\u00bb<\/a><\/p>\n","protected":false},"author":5,"featured_media":7013,"comment_status":"open","ping_status":"closed","sticky":false,"template":"","format":"standard","meta":{"_bbp_topic_count":0,"_bbp_reply_count":0,"_bbp_total_topic_count":0,"_bbp_total_reply_count":0,"_bbp_voice_count":0,"_bbp_anonymous_reply_count":0,"_bbp_topic_count_hidden":0,"_bbp_reply_count_hidden":0,"_bbp_forum_subforum_count":0,"footnotes":""},"categories":[23,1,4],"tags":[],"class_list":["post-7012","post","type-post","status-publish","format-standard","has-post-thumbnail","hentry","category-nadal","category-general","category-portada"],"post_mailing_queue_ids":[],"_links":{"self":[{"href":"https:\/\/agora.xtec.cat\/escolapablopicasso\/wp-json\/wp\/v2\/posts\/7012","targetHints":{"allow":["GET"]}}],"collection":[{"href":"https:\/\/agora.xtec.cat\/escolapablopicasso\/wp-json\/wp\/v2\/posts"}],"about":[{"href":"https:\/\/agora.xtec.cat\/escolapablopicasso\/wp-json\/wp\/v2\/types\/post"}],"author":[{"embeddable":true,"href":"https:\/\/agora.xtec.cat\/escolapablopicasso\/wp-json\/wp\/v2\/users\/5"}],"replies":[{"embeddable":true,"href":"https:\/\/agora.xtec.cat\/escolapablopicasso\/wp-json\/wp\/v2\/comments?post=7012"}],"version-history":[{"count":1,"href":"https:\/\/agora.xtec.cat\/escolapablopicasso\/wp-json\/wp\/v2\/posts\/7012\/revisions"}],"predecessor-version":[{"id":7014,"href":"https:\/\/agora.xtec.cat\/escolapablopicasso\/wp-json\/wp\/v2\/posts\/7012\/revisions\/7014"}],"wp:featuredmedia":[{"embeddable":true,"href":"https:\/\/agora.xtec.cat\/escolapablopicasso\/wp-json\/wp\/v2\/media\/7013"}],"wp:attachment":[{"href":"https:\/\/agora.xtec.cat\/escolapablopicasso\/wp-json\/wp\/v2\/media?parent=7012"}],"wp:term":[{"taxonomy":"category","embeddable":true,"href":"https:\/\/agora.xtec.cat\/escolapablopicasso\/wp-json\/wp\/v2\/categories?post=7012"},{"taxonomy":"post_tag","embeddable":true,"href":"https:\/\/agora.xtec.cat\/escolapablopicasso\/wp-json\/wp\/v2\/tags?post=7012"}],"curies":[{"name":"wp","href":"https:\/\/api.w.org\/{rel}","templated":true}]}}