{"id":7004,"date":"2022-06-20T14:19:03","date_gmt":"2022-06-20T12:19:03","guid":{"rendered":"https:\/\/agora.xtec.cat\/escolapablopicasso\/?p=7004"},"modified":"2022-06-28T15:36:15","modified_gmt":"2022-06-28T13:36:15","slug":"danses-de-fi-de-curs-2","status":"publish","type":"post","link":"https:\/\/agora.xtec.cat\/escolapablopicasso\/general\/danses-de-fi-de-curs-2\/","title":{"rendered":"DANSES DE FI DE CURS"},"content":{"rendered":"<p>El passat 20 de juny, tots els infants de l&#8217;escola van fer la mostra de danses despr\u00e9s de dos cursos sense poder fer-la.<\/p>\n<p>Quines ganes i quina il\u00b7lusi\u00f3!! Despr\u00e9s d&#8217;assajar molt\u00edssim, ja estem preparats i preparades amb el nostre vestuari i la nostra coreografia.<\/p>\n<p>Aquest curs la tem\u00e0tica era &#8220;Un cam\u00ed per la hist\u00f2ria de la dansa&#8221; i vam poder gaudir des de danses medievals, HAKA, salsa, rock&#8230; fins a bachata, heavy metal i vals.<\/p>\n<p>A continuaci\u00f3 podeu accedir als videos de la jornada per cursos (cliqueu la imatge):<\/p>\n<p><a href=\"https:\/\/view.genial.ly\/62b050ecab6f770018439cdd\/presentation-danses-fi-de-curs-21-22\"><img loading=\"lazy\" decoding=\"async\" class=\"alignnone wp-image-7005 size-full\" src=\"https:\/\/agora.xtec.cat\/escolapablopicasso\/wp-content\/uploads\/usu295\/2022\/06\/danses.png\" alt=\"\" width=\"933\" height=\"477\" srcset=\"https:\/\/agora.xtec.cat\/escolapablopicasso\/wp-content\/uploads\/usu295\/2022\/06\/danses.png 933w, https:\/\/agora.xtec.cat\/escolapablopicasso\/wp-content\/uploads\/usu295\/2022\/06\/danses-300x153.png 300w, https:\/\/agora.xtec.cat\/escolapablopicasso\/wp-content\/uploads\/usu295\/2022\/06\/danses-768x393.png 768w\" sizes=\"auto, (max-width: 933px) 100vw, 933px\" \/><\/a><\/p>\n<p>I despr\u00e9s ens vam acomiadar dels nostres companys i companyes de 6\u00e8. Per sempre m\u00e9s!!!<\/p>\n<p><iframe loading=\"lazy\" src=\"\/\/www.youtube.com\/embed\/MRLHmdxwYvs\" width=\"560\" height=\"314\" allowfullscreen=\"allowfullscreen\"><\/iframe><\/p>\n","protected":false},"excerpt":{"rendered":"<p>El passat 20 de juny, tots els infants de l&#8217;escola van fer la mostra de danses despr\u00e9s de dos cursos sense poder fer-la.<br \/>\nQuines ganes i quina il\u00b7lusi\u00f3!! Despr\u00e9s d&#8217;assajar molt\u00edssim, ja estem preparats i preparades amb el nostre vestuari i la nostra coreografia.<br \/>\nAquest curs la&hellip;  <a href=\"https:\/\/agora.xtec.cat\/escolapablopicasso\/general\/danses-de-fi-de-curs-2\/\" title=\"Read DANSES DE FI DE CURS\">Llegeix m\u00e9s\u00bb<\/a><\/p>\n","protected":false},"author":5,"featured_media":0,"comment_status":"open","ping_status":"closed","sticky":false,"template":"","format":"standard","meta":{"_bbp_topic_count":0,"_bbp_reply_count":0,"_bbp_total_topic_count":0,"_bbp_total_reply_count":0,"_bbp_voice_count":0,"_bbp_anonymous_reply_count":0,"_bbp_topic_count_hidden":0,"_bbp_reply_count_hidden":0,"_bbp_forum_subforum_count":0,"footnotes":""},"categories":[27,23,1,2,24,4,5],"tags":[],"class_list":["post-7004","post","type-post","status-publish","format-standard","hentry","category-ed-fisica","category-nadal","category-general","category-infantil","category-musica","category-portada","category-primaria"],"post_mailing_queue_ids":[],"_links":{"self":[{"href":"https:\/\/agora.xtec.cat\/escolapablopicasso\/wp-json\/wp\/v2\/posts\/7004","targetHints":{"allow":["GET"]}}],"collection":[{"href":"https:\/\/agora.xtec.cat\/escolapablopicasso\/wp-json\/wp\/v2\/posts"}],"about":[{"href":"https:\/\/agora.xtec.cat\/escolapablopicasso\/wp-json\/wp\/v2\/types\/post"}],"author":[{"embeddable":true,"href":"https:\/\/agora.xtec.cat\/escolapablopicasso\/wp-json\/wp\/v2\/users\/5"}],"replies":[{"embeddable":true,"href":"https:\/\/agora.xtec.cat\/escolapablopicasso\/wp-json\/wp\/v2\/comments?post=7004"}],"version-history":[{"count":3,"href":"https:\/\/agora.xtec.cat\/escolapablopicasso\/wp-json\/wp\/v2\/posts\/7004\/revisions"}],"predecessor-version":[{"id":7008,"href":"https:\/\/agora.xtec.cat\/escolapablopicasso\/wp-json\/wp\/v2\/posts\/7004\/revisions\/7008"}],"wp:attachment":[{"href":"https:\/\/agora.xtec.cat\/escolapablopicasso\/wp-json\/wp\/v2\/media?parent=7004"}],"wp:term":[{"taxonomy":"category","embeddable":true,"href":"https:\/\/agora.xtec.cat\/escolapablopicasso\/wp-json\/wp\/v2\/categories?post=7004"},{"taxonomy":"post_tag","embeddable":true,"href":"https:\/\/agora.xtec.cat\/escolapablopicasso\/wp-json\/wp\/v2\/tags?post=7004"}],"curies":[{"name":"wp","href":"https:\/\/api.w.org\/{rel}","templated":true}]}}