{"id":6995,"date":"2022-06-15T14:18:32","date_gmt":"2022-06-15T12:18:32","guid":{"rendered":"https:\/\/agora.xtec.cat\/escolapablopicasso\/?p=6995"},"modified":"2022-06-15T14:21:31","modified_gmt":"2022-06-15T12:21:31","slug":"danses-de-fi-de-curs","status":"publish","type":"post","link":"https:\/\/agora.xtec.cat\/escolapablopicasso\/general\/danses-de-fi-de-curs\/","title":{"rendered":"DANSES DE FI DE CURS"},"content":{"rendered":"<p>Bon dia fam\u00edlies!!!<\/p>\n<p>Us volem convidar al <strong>festival de danses de fi de curs <\/strong>que farem a l\u2019escola el dilluns 20 de juny a les 9:30h.<\/p>\n<p>La tem\u00e0tica d\u2019aquest curs \u00e9s <strong>\u201cUn cam\u00ed per la hist\u00f2ria de la dansa\u201d. <\/strong>\u00c9s per aix\u00f2 que totes les classes ballaran un tipus de dansa associat a una \u00e8poca determinada .<\/p>\n<p>Us hi esperem!!!!<\/p>\n<p><a href=\"https:\/\/agora.xtec.cat\/escolapablopicasso\/wp-content\/uploads\/usu295\/2022\/06\/poster-danses.png\"><img loading=\"lazy\" decoding=\"async\" class=\"wp-image-6996 size-medium aligncenter\" src=\"https:\/\/agora.xtec.cat\/escolapablopicasso\/wp-content\/uploads\/usu295\/2022\/06\/poster-danses-211x300.png\" alt=\"\" width=\"211\" height=\"300\" srcset=\"https:\/\/agora.xtec.cat\/escolapablopicasso\/wp-content\/uploads\/usu295\/2022\/06\/poster-danses-211x300.png 211w, https:\/\/agora.xtec.cat\/escolapablopicasso\/wp-content\/uploads\/usu295\/2022\/06\/poster-danses.png 585w\" sizes=\"auto, (max-width: 211px) 100vw, 211px\" \/><\/a><\/p>\n<p><a href=\"https:\/\/agora.xtec.cat\/escolapablopicasso\/wp-content\/uploads\/usu295\/2022\/06\/k71.png\"><img loading=\"lazy\" decoding=\"async\" class=\"wp-image-6997 size-medium aligncenter\" src=\"https:\/\/agora.xtec.cat\/escolapablopicasso\/wp-content\/uploads\/usu295\/2022\/06\/k71-300x197.png\" alt=\"\" width=\"300\" height=\"197\" srcset=\"https:\/\/agora.xtec.cat\/escolapablopicasso\/wp-content\/uploads\/usu295\/2022\/06\/k71-300x197.png 300w, https:\/\/agora.xtec.cat\/escolapablopicasso\/wp-content\/uploads\/usu295\/2022\/06\/k71-768x504.png 768w, https:\/\/agora.xtec.cat\/escolapablopicasso\/wp-content\/uploads\/usu295\/2022\/06\/k71.png 779w\" sizes=\"auto, (max-width: 300px) 100vw, 300px\" \/><\/a> <a href=\"https:\/\/agora.xtec.cat\/escolapablopicasso\/wp-content\/uploads\/usu295\/2022\/06\/k72.png\">\u00a0<img loading=\"lazy\" decoding=\"async\" class=\"wp-image-6998 size-medium aligncenter\" src=\"https:\/\/agora.xtec.cat\/escolapablopicasso\/wp-content\/uploads\/usu295\/2022\/06\/k72-300x198.png\" alt=\"\" width=\"300\" height=\"198\" srcset=\"https:\/\/agora.xtec.cat\/escolapablopicasso\/wp-content\/uploads\/usu295\/2022\/06\/k72-300x198.png 300w, https:\/\/agora.xtec.cat\/escolapablopicasso\/wp-content\/uploads\/usu295\/2022\/06\/k72.png 563w\" sizes=\"auto, (max-width: 300px) 100vw, 300px\" \/><\/a><\/p>\n","protected":false},"excerpt":{"rendered":"<p>Bon dia fam\u00edlies!!!<br \/>\nUs volem convidar al festival de danses de fi de curs que farem a l\u2019escola el dilluns 20 de juny a les 9:30h.<br \/>\nLa tem\u00e0tica d\u2019aquest curs \u00e9s \u201cUn cam\u00ed per la hist\u00f2ria de la dansa\u201d. \u00c9s per aix\u00f2 que totes les classes ballaran&hellip;  <a href=\"https:\/\/agora.xtec.cat\/escolapablopicasso\/general\/danses-de-fi-de-curs\/\" title=\"Read DANSES DE FI DE CURS\">Llegeix m\u00e9s\u00bb<\/a><\/p>\n","protected":false},"author":5,"featured_media":0,"comment_status":"open","ping_status":"closed","sticky":false,"template":"","format":"standard","meta":{"_bbp_topic_count":0,"_bbp_reply_count":0,"_bbp_total_topic_count":0,"_bbp_total_reply_count":0,"_bbp_voice_count":0,"_bbp_anonymous_reply_count":0,"_bbp_topic_count_hidden":0,"_bbp_reply_count_hidden":0,"_bbp_forum_subforum_count":0,"footnotes":""},"categories":[27,23,1,2,24,4,5],"tags":[],"class_list":["post-6995","post","type-post","status-publish","format-standard","hentry","category-ed-fisica","category-nadal","category-general","category-infantil","category-musica","category-portada","category-primaria"],"post_mailing_queue_ids":[],"_links":{"self":[{"href":"https:\/\/agora.xtec.cat\/escolapablopicasso\/wp-json\/wp\/v2\/posts\/6995","targetHints":{"allow":["GET"]}}],"collection":[{"href":"https:\/\/agora.xtec.cat\/escolapablopicasso\/wp-json\/wp\/v2\/posts"}],"about":[{"href":"https:\/\/agora.xtec.cat\/escolapablopicasso\/wp-json\/wp\/v2\/types\/post"}],"author":[{"embeddable":true,"href":"https:\/\/agora.xtec.cat\/escolapablopicasso\/wp-json\/wp\/v2\/users\/5"}],"replies":[{"embeddable":true,"href":"https:\/\/agora.xtec.cat\/escolapablopicasso\/wp-json\/wp\/v2\/comments?post=6995"}],"version-history":[{"count":3,"href":"https:\/\/agora.xtec.cat\/escolapablopicasso\/wp-json\/wp\/v2\/posts\/6995\/revisions"}],"predecessor-version":[{"id":7003,"href":"https:\/\/agora.xtec.cat\/escolapablopicasso\/wp-json\/wp\/v2\/posts\/6995\/revisions\/7003"}],"wp:attachment":[{"href":"https:\/\/agora.xtec.cat\/escolapablopicasso\/wp-json\/wp\/v2\/media?parent=6995"}],"wp:term":[{"taxonomy":"category","embeddable":true,"href":"https:\/\/agora.xtec.cat\/escolapablopicasso\/wp-json\/wp\/v2\/categories?post=6995"},{"taxonomy":"post_tag","embeddable":true,"href":"https:\/\/agora.xtec.cat\/escolapablopicasso\/wp-json\/wp\/v2\/tags?post=6995"}],"curies":[{"name":"wp","href":"https:\/\/api.w.org\/{rel}","templated":true}]}}