{"id":6925,"date":"2022-04-25T09:08:54","date_gmt":"2022-04-25T07:08:54","guid":{"rendered":"https:\/\/agora.xtec.cat\/escolapablopicasso\/?p=6925"},"modified":"2022-04-25T09:08:54","modified_gmt":"2022-04-25T07:08:54","slug":"recordatori-festius-maig","status":"publish","type":"post","link":"https:\/\/agora.xtec.cat\/escolapablopicasso\/general\/recordatori-festius-maig\/","title":{"rendered":"RECORDATORI FESTIUS MAIG"},"content":{"rendered":"<p>Bon dia fam\u00edlies!!!<\/p>\n<p>Volem recordar que durant el proper mes de maig, <b>l\u2019escola romandr\u00e0 tancada<\/b>\u00a0els seg\u00fcents dies:<\/p>\n<p>-Dilluns dia <strong>2<\/strong><b>\u00a0de maig<\/b>, per ser un dia de lliure disposici\u00f3 dels centres educatius de Barber\u00e0 del Vall\u00e8s.<\/p>\n<p>-Dilluns dia <strong>9<\/strong><b>\u00a0de maig<\/b> per ser festa local de Barber\u00e0 del Vall\u00e8s.<\/p>\n<p><img loading=\"lazy\" decoding=\"async\" class=\"size-full wp-image-6926 aligncenter\" src=\"https:\/\/agora.xtec.cat\/escolapablopicasso\/wp-content\/uploads\/usu295\/2022\/04\/2055646.png\" alt=\"\" width=\"512\" height=\"512\" srcset=\"https:\/\/agora.xtec.cat\/escolapablopicasso\/wp-content\/uploads\/usu295\/2022\/04\/2055646.png 512w, https:\/\/agora.xtec.cat\/escolapablopicasso\/wp-content\/uploads\/usu295\/2022\/04\/2055646-300x300.png 300w, https:\/\/agora.xtec.cat\/escolapablopicasso\/wp-content\/uploads\/usu295\/2022\/04\/2055646-150x150.png 150w\" sizes=\"auto, (max-width: 512px) 100vw, 512px\" \/><\/p>\n<p>&nbsp;<\/p>\n","protected":false},"excerpt":{"rendered":"<p>Bon dia fam\u00edlies!!!<br \/>\nVolem recordar que durant el proper mes de maig, l\u2019escola romandr\u00e0 tancada\u00a0els seg\u00fcents dies:<br \/>\n-Dilluns dia 2\u00a0de maig, per ser un dia de lliure disposici\u00f3 dels centres educatius de Barber\u00e0 del Vall\u00e8s.<br \/>\n-Dilluns dia 9\u00a0de maig per ser festa local de Barber\u00e0 del Vall\u00e8s.<\/p>\n<p>&nbsp;<\/p>\n","protected":false},"author":5,"featured_media":0,"comment_status":"open","ping_status":"closed","sticky":false,"template":"","format":"standard","meta":{"_bbp_topic_count":0,"_bbp_reply_count":0,"_bbp_total_topic_count":0,"_bbp_total_reply_count":0,"_bbp_voice_count":0,"_bbp_anonymous_reply_count":0,"_bbp_topic_count_hidden":0,"_bbp_reply_count_hidden":0,"_bbp_forum_subforum_count":0,"footnotes":""},"categories":[1,4],"tags":[],"class_list":["post-6925","post","type-post","status-publish","format-standard","hentry","category-general","category-portada"],"post_mailing_queue_ids":[],"_links":{"self":[{"href":"https:\/\/agora.xtec.cat\/escolapablopicasso\/wp-json\/wp\/v2\/posts\/6925","targetHints":{"allow":["GET"]}}],"collection":[{"href":"https:\/\/agora.xtec.cat\/escolapablopicasso\/wp-json\/wp\/v2\/posts"}],"about":[{"href":"https:\/\/agora.xtec.cat\/escolapablopicasso\/wp-json\/wp\/v2\/types\/post"}],"author":[{"embeddable":true,"href":"https:\/\/agora.xtec.cat\/escolapablopicasso\/wp-json\/wp\/v2\/users\/5"}],"replies":[{"embeddable":true,"href":"https:\/\/agora.xtec.cat\/escolapablopicasso\/wp-json\/wp\/v2\/comments?post=6925"}],"version-history":[{"count":1,"href":"https:\/\/agora.xtec.cat\/escolapablopicasso\/wp-json\/wp\/v2\/posts\/6925\/revisions"}],"predecessor-version":[{"id":6927,"href":"https:\/\/agora.xtec.cat\/escolapablopicasso\/wp-json\/wp\/v2\/posts\/6925\/revisions\/6927"}],"wp:attachment":[{"href":"https:\/\/agora.xtec.cat\/escolapablopicasso\/wp-json\/wp\/v2\/media?parent=6925"}],"wp:term":[{"taxonomy":"category","embeddable":true,"href":"https:\/\/agora.xtec.cat\/escolapablopicasso\/wp-json\/wp\/v2\/categories?post=6925"},{"taxonomy":"post_tag","embeddable":true,"href":"https:\/\/agora.xtec.cat\/escolapablopicasso\/wp-json\/wp\/v2\/tags?post=6925"}],"curies":[{"name":"wp","href":"https:\/\/api.w.org\/{rel}","templated":true}]}}