{"id":6912,"date":"2022-04-07T22:29:12","date_gmt":"2022-04-07T20:29:12","guid":{"rendered":"https:\/\/agora.xtec.cat\/escolapablopicasso\/?p=6912"},"modified":"2022-04-10T22:45:07","modified_gmt":"2022-04-10T20:45:07","slug":"audicio-de-musica-2n","status":"publish","type":"post","link":"https:\/\/agora.xtec.cat\/escolapablopicasso\/general\/audicio-de-musica-2n\/","title":{"rendered":"AUDICI\u00d3 DE M\u00daSICA- 2n"},"content":{"rendered":"<p>El passat dijous 7 d&#8217;abril, els alumnes de 2n vam anar al T.M.C. a gaudir de l&#8217;audici\u00f3 did\u00e0ctica de &#8220;Corda&#8221; a c\u00e0rrec dels alumnes de l&#8217;escola de M\u00fasica de Barber\u00e0 del Vall\u00e8s.<\/p>\n<p>Vam con\u00e8ixer els diferents instruments de corda, vam aprendre les seves parts i vam poder escoltar peces com &#8220;Les 4 estacions&#8221;, &#8220;Tears in Heaven&#8221; i la banda sonora de &#8220;Pirates del Carib&#8221;.<\/p>\n<p><iframe loading=\"lazy\" src=\"\/\/www.youtube.com\/embed\/66vATlnexdk\" width=\"560\" height=\"314\" allowfullscreen=\"allowfullscreen\"><\/iframe><\/p>\n","protected":false},"excerpt":{"rendered":"<p>El passat dijous 7 d&#8217;abril, els alumnes de 2n vam anar al T.M.C. a gaudir de l&#8217;audici\u00f3 did\u00e0ctica de &#8220;Corda&#8221; a c\u00e0rrec dels alumnes de l&#8217;escola de M\u00fasica de Barber\u00e0 del Vall\u00e8s.<br \/>\nVam con\u00e8ixer els diferents instruments de corda, vam aprendre les seves parts i vam&hellip;  <a href=\"https:\/\/agora.xtec.cat\/escolapablopicasso\/general\/audicio-de-musica-2n\/\" title=\"Read AUDICI\u00d3 DE M\u00daSICA- 2n\">Llegeix m\u00e9s\u00bb<\/a><\/p>\n","protected":false},"author":5,"featured_media":6913,"comment_status":"open","ping_status":"closed","sticky":false,"template":"","format":"standard","meta":{"_bbp_topic_count":0,"_bbp_reply_count":0,"_bbp_total_topic_count":0,"_bbp_total_reply_count":0,"_bbp_voice_count":0,"_bbp_anonymous_reply_count":0,"_bbp_topic_count_hidden":0,"_bbp_reply_count_hidden":0,"_bbp_forum_subforum_count":0,"footnotes":""},"categories":[11,1,24,30],"tags":[],"class_list":["post-6912","post","type-post","status-publish","format-standard","has-post-thumbnail","hentry","category-2n","category-general","category-musica","category-sortides"],"post_mailing_queue_ids":[],"_links":{"self":[{"href":"https:\/\/agora.xtec.cat\/escolapablopicasso\/wp-json\/wp\/v2\/posts\/6912","targetHints":{"allow":["GET"]}}],"collection":[{"href":"https:\/\/agora.xtec.cat\/escolapablopicasso\/wp-json\/wp\/v2\/posts"}],"about":[{"href":"https:\/\/agora.xtec.cat\/escolapablopicasso\/wp-json\/wp\/v2\/types\/post"}],"author":[{"embeddable":true,"href":"https:\/\/agora.xtec.cat\/escolapablopicasso\/wp-json\/wp\/v2\/users\/5"}],"replies":[{"embeddable":true,"href":"https:\/\/agora.xtec.cat\/escolapablopicasso\/wp-json\/wp\/v2\/comments?post=6912"}],"version-history":[{"count":1,"href":"https:\/\/agora.xtec.cat\/escolapablopicasso\/wp-json\/wp\/v2\/posts\/6912\/revisions"}],"predecessor-version":[{"id":6914,"href":"https:\/\/agora.xtec.cat\/escolapablopicasso\/wp-json\/wp\/v2\/posts\/6912\/revisions\/6914"}],"wp:featuredmedia":[{"embeddable":true,"href":"https:\/\/agora.xtec.cat\/escolapablopicasso\/wp-json\/wp\/v2\/media\/6913"}],"wp:attachment":[{"href":"https:\/\/agora.xtec.cat\/escolapablopicasso\/wp-json\/wp\/v2\/media?parent=6912"}],"wp:term":[{"taxonomy":"category","embeddable":true,"href":"https:\/\/agora.xtec.cat\/escolapablopicasso\/wp-json\/wp\/v2\/categories?post=6912"},{"taxonomy":"post_tag","embeddable":true,"href":"https:\/\/agora.xtec.cat\/escolapablopicasso\/wp-json\/wp\/v2\/tags?post=6912"}],"curies":[{"name":"wp","href":"https:\/\/api.w.org\/{rel}","templated":true}]}}