{"id":6890,"date":"2022-04-09T17:47:57","date_gmt":"2022-04-09T15:47:57","guid":{"rendered":"https:\/\/agora.xtec.cat\/escolapablopicasso\/?p=6890"},"modified":"2022-04-09T18:14:44","modified_gmt":"2022-04-09T16:14:44","slug":"visitem-lajuntament","status":"publish","type":"post","link":"https:\/\/agora.xtec.cat\/escolapablopicasso\/general\/visitem-lajuntament\/","title":{"rendered":"Visitem l&#8217;Ajuntament"},"content":{"rendered":"<p>A finals de mar\u00e7 i principis d&#8217;abril, vam visitar l\u2019Ajuntament de Barber\u00e0 del Vall\u00e8s per tal de con\u00e8ixer de prop el seu funcionament i com es prenen les decisions per part de regidors i regidores en els plens municipals.<\/p>\n<p>Abans de la visita, vam treballar a classe les particularitats del funcionament del consistori i la pol\u00edtica municipal visitant la p\u00e0gina web de l&#8217;Ajuntament.<\/p>\n<p>I, per una vegada, tots i totes ens vam convertir en regidors\/es!!<\/p>\n<p><a href=\"https:\/\/agora.xtec.cat\/escolapablopicasso\/wp-content\/uploads\/usu295\/2022\/04\/IMG_20220405_110258-scaled.jpg\"><img loading=\"lazy\" decoding=\"async\" class=\"wp-image-6892 size-medium alignnone\" src=\"https:\/\/agora.xtec.cat\/escolapablopicasso\/wp-content\/uploads\/usu295\/2022\/04\/IMG_20220405_110258-300x163.jpg\" alt=\"\" width=\"300\" height=\"163\" srcset=\"https:\/\/agora.xtec.cat\/escolapablopicasso\/wp-content\/uploads\/usu295\/2022\/04\/IMG_20220405_110258-300x163.jpg 300w, https:\/\/agora.xtec.cat\/escolapablopicasso\/wp-content\/uploads\/usu295\/2022\/04\/IMG_20220405_110258-1024x556.jpg 1024w, https:\/\/agora.xtec.cat\/escolapablopicasso\/wp-content\/uploads\/usu295\/2022\/04\/IMG_20220405_110258-768x417.jpg 768w, https:\/\/agora.xtec.cat\/escolapablopicasso\/wp-content\/uploads\/usu295\/2022\/04\/IMG_20220405_110258-1536x834.jpg 1536w, https:\/\/agora.xtec.cat\/escolapablopicasso\/wp-content\/uploads\/usu295\/2022\/04\/IMG_20220405_110258-2048x1112.jpg 2048w\" sizes=\"auto, (max-width: 300px) 100vw, 300px\" \/><\/a><\/p>\n<p><a href=\"https:\/\/photos.app.goo.gl\/6DpQSkitSD3XUBv87\" target=\"_blank\" rel=\"noopener\">FOTOS DE 3rB<\/a><\/p>\n","protected":false},"excerpt":{"rendered":"<p>L&#8217;alumnat de 3r visitem l&#8217;Ajuntament de Barber\u00e0.&hellip;  <a href=\"https:\/\/agora.xtec.cat\/escolapablopicasso\/general\/visitem-lajuntament\/\" title=\"Read Visitem l&#8217;Ajuntament\">Llegeix m\u00e9s\u00bb<\/a><\/p>\n","protected":false},"author":4,"featured_media":6892,"comment_status":"open","ping_status":"closed","sticky":false,"template":"","format":"standard","meta":{"_bbp_topic_count":0,"_bbp_reply_count":0,"_bbp_total_topic_count":0,"_bbp_total_reply_count":0,"_bbp_voice_count":0,"_bbp_anonymous_reply_count":0,"_bbp_topic_count_hidden":0,"_bbp_reply_count_hidden":0,"_bbp_forum_subforum_count":0,"footnotes":""},"categories":[12,1,30],"tags":[],"class_list":["post-6890","post","type-post","status-publish","format-standard","has-post-thumbnail","hentry","category-3r","category-general","category-sortides"],"post_mailing_queue_ids":[],"_links":{"self":[{"href":"https:\/\/agora.xtec.cat\/escolapablopicasso\/wp-json\/wp\/v2\/posts\/6890","targetHints":{"allow":["GET"]}}],"collection":[{"href":"https:\/\/agora.xtec.cat\/escolapablopicasso\/wp-json\/wp\/v2\/posts"}],"about":[{"href":"https:\/\/agora.xtec.cat\/escolapablopicasso\/wp-json\/wp\/v2\/types\/post"}],"author":[{"embeddable":true,"href":"https:\/\/agora.xtec.cat\/escolapablopicasso\/wp-json\/wp\/v2\/users\/4"}],"replies":[{"embeddable":true,"href":"https:\/\/agora.xtec.cat\/escolapablopicasso\/wp-json\/wp\/v2\/comments?post=6890"}],"version-history":[{"count":3,"href":"https:\/\/agora.xtec.cat\/escolapablopicasso\/wp-json\/wp\/v2\/posts\/6890\/revisions"}],"predecessor-version":[{"id":6901,"href":"https:\/\/agora.xtec.cat\/escolapablopicasso\/wp-json\/wp\/v2\/posts\/6890\/revisions\/6901"}],"wp:featuredmedia":[{"embeddable":true,"href":"https:\/\/agora.xtec.cat\/escolapablopicasso\/wp-json\/wp\/v2\/media\/6892"}],"wp:attachment":[{"href":"https:\/\/agora.xtec.cat\/escolapablopicasso\/wp-json\/wp\/v2\/media?parent=6890"}],"wp:term":[{"taxonomy":"category","embeddable":true,"href":"https:\/\/agora.xtec.cat\/escolapablopicasso\/wp-json\/wp\/v2\/categories?post=6890"},{"taxonomy":"post_tag","embeddable":true,"href":"https:\/\/agora.xtec.cat\/escolapablopicasso\/wp-json\/wp\/v2\/tags?post=6890"}],"curies":[{"name":"wp","href":"https:\/\/api.w.org\/{rel}","templated":true}]}}