{"id":6887,"date":"2022-04-07T23:21:25","date_gmt":"2022-04-07T21:21:25","guid":{"rendered":"https:\/\/agora.xtec.cat\/escolapablopicasso\/?p=6887"},"modified":"2022-04-07T23:21:25","modified_gmt":"2022-04-07T21:21:25","slug":"la-habitacion-azul","status":"publish","type":"post","link":"https:\/\/agora.xtec.cat\/escolapablopicasso\/general\/la-habitacion-azul\/","title":{"rendered":"LA HABITACION AZUL"},"content":{"rendered":"<p>Els i les dinosaures ens vam endinsar en l&#8217;etapa blava de Pablo Picasso a trav\u00e9s de la hist\u00f2ria &#8220;Picasso i Minou&#8221;. La comprensi\u00f3 d&#8217;aquest conte ens va ajudar a entendre una mica m\u00e9s l&#8217;estat emocional del pintor en aquesta etapa.<\/p>\n<p>Vam fer conversa de la seva obra i ens vam centrar en &#8220;LA HABITACI\u00d3N AZUL&#8221;<\/p>\n<p>Una habitaci\u00f3 plena de tristesa&#8230;per\u00f2&#8230; com \u00e9s la nostra habitaci\u00f3?<\/p>\n<p>Un lloc que ens encanta i ple de bons moments. Fem conversa sobre les habitacions. Descrivim cadasc\u00fa la nostra. Qu\u00e8 t\u00e9 de com\u00fa amb les altres? Qu\u00e8 t\u00e9 de diferent i \u00fanica? Converses precioses&#8230;<\/p>\n<p>Convertim la nostra habitaci\u00f3 en trista com el sr. Picasso a cop d&#8217;aquarel.la.<\/p>\n<p>Ara treballem la figura humana. Qui surt en el quadre? Com surt?<\/p>\n<p>Treballem el nostre cos i ens fem en volum. Un marc daurat com els grans quadres dels museus i unes paraules boniques sobre la nostra habitaci\u00f3.<\/p>\n<p>Com a resultat una obra d&#8217;art genial!<\/p>\n<p>Aqu\u00ed us deixem el v\u00eddeo del proc\u00e9s!<\/p>\n<p><a href=\"https:\/\/drive.google.com\/file\/d\/1T3S2eOIB08eMorF6T200oN75LASKXO_O\/view?usp=sharing\">Proc\u00e9s &#8220;La habitaci\u00f3n azul&#8221;<\/a><\/p>\n","protected":false},"excerpt":{"rendered":"<p>Els i les dinosaures ens vam endinsar en l&#8217;etapa blava de Pablo Picasso a trav\u00e9s de la hist\u00f2ria &#8220;Picasso i Minou&#8221;. La comprensi\u00f3 d&#8217;aquest conte ens va ajudar a entendre una mica m\u00e9s l&#8217;estat emocional del pintor en aquesta etapa.<br \/>\nVam fer conversa de la seva&hellip;  <a href=\"https:\/\/agora.xtec.cat\/escolapablopicasso\/general\/la-habitacion-azul\/\" title=\"Read LA HABITACION AZUL\">Llegeix m\u00e9s\u00bb<\/a><\/p>\n","protected":false},"author":4,"featured_media":0,"comment_status":"open","ping_status":"closed","sticky":false,"template":"","format":"standard","meta":{"_bbp_topic_count":0,"_bbp_reply_count":0,"_bbp_total_topic_count":0,"_bbp_total_reply_count":0,"_bbp_voice_count":0,"_bbp_anonymous_reply_count":0,"_bbp_topic_count_hidden":0,"_bbp_reply_count_hidden":0,"_bbp_forum_subforum_count":0,"footnotes":""},"categories":[1,9,2],"tags":[],"class_list":["post-6887","post","type-post","status-publish","format-standard","hentry","category-general","category-i5","category-infantil"],"post_mailing_queue_ids":[],"_links":{"self":[{"href":"https:\/\/agora.xtec.cat\/escolapablopicasso\/wp-json\/wp\/v2\/posts\/6887","targetHints":{"allow":["GET"]}}],"collection":[{"href":"https:\/\/agora.xtec.cat\/escolapablopicasso\/wp-json\/wp\/v2\/posts"}],"about":[{"href":"https:\/\/agora.xtec.cat\/escolapablopicasso\/wp-json\/wp\/v2\/types\/post"}],"author":[{"embeddable":true,"href":"https:\/\/agora.xtec.cat\/escolapablopicasso\/wp-json\/wp\/v2\/users\/4"}],"replies":[{"embeddable":true,"href":"https:\/\/agora.xtec.cat\/escolapablopicasso\/wp-json\/wp\/v2\/comments?post=6887"}],"version-history":[{"count":1,"href":"https:\/\/agora.xtec.cat\/escolapablopicasso\/wp-json\/wp\/v2\/posts\/6887\/revisions"}],"predecessor-version":[{"id":6888,"href":"https:\/\/agora.xtec.cat\/escolapablopicasso\/wp-json\/wp\/v2\/posts\/6887\/revisions\/6888"}],"wp:attachment":[{"href":"https:\/\/agora.xtec.cat\/escolapablopicasso\/wp-json\/wp\/v2\/media?parent=6887"}],"wp:term":[{"taxonomy":"category","embeddable":true,"href":"https:\/\/agora.xtec.cat\/escolapablopicasso\/wp-json\/wp\/v2\/categories?post=6887"},{"taxonomy":"post_tag","embeddable":true,"href":"https:\/\/agora.xtec.cat\/escolapablopicasso\/wp-json\/wp\/v2\/tags?post=6887"}],"curies":[{"name":"wp","href":"https:\/\/api.w.org\/{rel}","templated":true}]}}