{"id":6883,"date":"2022-04-04T16:35:26","date_gmt":"2022-04-04T14:35:26","guid":{"rendered":"https:\/\/agora.xtec.cat\/escolapablopicasso\/?p=6883"},"modified":"2022-04-10T22:11:44","modified_gmt":"2022-04-10T20:11:44","slug":"visita-al-mercat-11-de-setembre-2n","status":"publish","type":"post","link":"https:\/\/agora.xtec.cat\/escolapablopicasso\/general\/visita-al-mercat-11-de-setembre-2n\/","title":{"rendered":"Visita al Mercat 11 de Setembre-2n"},"content":{"rendered":"<p>Els alumnes de 2n hem anat al Mercat 11 de Setembre de Barber\u00e0 del Vall\u00e8s.<\/p>\n<p>Qu\u00e8 \u00e9s un mercat municipal? Qu\u00e8 s\u00f3n els productes de proximitat? Com es conserven els aliments?<\/p>\n<p>Hem visitat els magatzems, les cambres, congeladors, el moll de c\u00e0rrega i la zona de residus.<\/p>\n<p>Despr\u00e9s, amb el nostre cistell hem anat a comprar el menjar que ten\u00edem a la llista de la compra.\u00a0Al dia seg\u00fcent, a l\u2019escola hem pogut preparar un gran esmorzar.<\/p>\n<p>Amb els tickets de la nostra compra hem fet c\u00e0lculs per a veure qu\u00e8 ens hem gastat, qu\u00e8 ens ha sobrat, etc<\/p>\n<p><iframe loading=\"lazy\" src=\"\/\/www.youtube.com\/embed\/mVzEZ4rukYs\" width=\"560\" height=\"314\" allowfullscreen=\"allowfullscreen\"><\/iframe><\/p>\n<p><iframe loading=\"lazy\" src=\"\/\/www.youtube.com\/embed\/dko-6Xe5zJ8\" width=\"560\" height=\"314\" allowfullscreen=\"allowfullscreen\"><\/iframe><\/p>\n","protected":false},"excerpt":{"rendered":"<p>Els alumnes de 2n hem anat al Mercat 11 de Setembre de Barber\u00e0 del Vall\u00e8s.<br \/>\nQu\u00e8 \u00e9s un mercat municipal? Qu\u00e8 s\u00f3n els productes de proximitat? Com es conserven els aliments?<br \/>\nHem visitat els magatzems, les cambres, congeladors, el moll de c\u00e0rrega i la zona de residus.<br \/>\nDespr\u00e9s,&hellip;  <a href=\"https:\/\/agora.xtec.cat\/escolapablopicasso\/general\/visita-al-mercat-11-de-setembre-2n\/\" title=\"Read Visita al Mercat 11 de Setembre-2n\">Llegeix m\u00e9s\u00bb<\/a><\/p>\n","protected":false},"author":5,"featured_media":6884,"comment_status":"open","ping_status":"closed","sticky":false,"template":"","format":"standard","meta":{"_bbp_topic_count":0,"_bbp_reply_count":0,"_bbp_total_topic_count":0,"_bbp_total_reply_count":0,"_bbp_voice_count":0,"_bbp_anonymous_reply_count":0,"_bbp_topic_count_hidden":0,"_bbp_reply_count_hidden":0,"_bbp_forum_subforum_count":0,"footnotes":""},"categories":[11,1,30],"tags":[],"class_list":["post-6883","post","type-post","status-publish","format-standard","has-post-thumbnail","hentry","category-2n","category-general","category-sortides"],"post_mailing_queue_ids":[],"_links":{"self":[{"href":"https:\/\/agora.xtec.cat\/escolapablopicasso\/wp-json\/wp\/v2\/posts\/6883","targetHints":{"allow":["GET"]}}],"collection":[{"href":"https:\/\/agora.xtec.cat\/escolapablopicasso\/wp-json\/wp\/v2\/posts"}],"about":[{"href":"https:\/\/agora.xtec.cat\/escolapablopicasso\/wp-json\/wp\/v2\/types\/post"}],"author":[{"embeddable":true,"href":"https:\/\/agora.xtec.cat\/escolapablopicasso\/wp-json\/wp\/v2\/users\/5"}],"replies":[{"embeddable":true,"href":"https:\/\/agora.xtec.cat\/escolapablopicasso\/wp-json\/wp\/v2\/comments?post=6883"}],"version-history":[{"count":3,"href":"https:\/\/agora.xtec.cat\/escolapablopicasso\/wp-json\/wp\/v2\/posts\/6883\/revisions"}],"predecessor-version":[{"id":6911,"href":"https:\/\/agora.xtec.cat\/escolapablopicasso\/wp-json\/wp\/v2\/posts\/6883\/revisions\/6911"}],"wp:featuredmedia":[{"embeddable":true,"href":"https:\/\/agora.xtec.cat\/escolapablopicasso\/wp-json\/wp\/v2\/media\/6884"}],"wp:attachment":[{"href":"https:\/\/agora.xtec.cat\/escolapablopicasso\/wp-json\/wp\/v2\/media?parent=6883"}],"wp:term":[{"taxonomy":"category","embeddable":true,"href":"https:\/\/agora.xtec.cat\/escolapablopicasso\/wp-json\/wp\/v2\/categories?post=6883"},{"taxonomy":"post_tag","embeddable":true,"href":"https:\/\/agora.xtec.cat\/escolapablopicasso\/wp-json\/wp\/v2\/tags?post=6883"}],"curies":[{"name":"wp","href":"https:\/\/api.w.org\/{rel}","templated":true}]}}