{"id":6856,"date":"2022-03-21T20:28:44","date_gmt":"2022-03-21T19:28:44","guid":{"rendered":"https:\/\/agora.xtec.cat\/escolapablopicasso\/?p=6856"},"modified":"2022-03-27T22:36:20","modified_gmt":"2022-03-27T20:36:20","slug":"granja-can-mas-pascual-1r","status":"publish","type":"post","link":"https:\/\/agora.xtec.cat\/escolapablopicasso\/general\/granja-can-mas-pascual-1r\/","title":{"rendered":"Granja Can Mas Pascual- 1r"},"content":{"rendered":"<p>El passat 21 de Mar\u00e7, els alumnes de 1r vam anar a la Granja de Can Mas Pascual a Lli\u00e7\u00e0 d\u2019Amunt.<\/p>\n<p>All\u00e0 vam con\u00e8ixer una mica m\u00e9s sobre les vaques, ovelles, cabretes, porcs, gallines, conills, cavalls, etc.<\/p>\n<p><iframe loading=\"lazy\" src=\"\/\/www.youtube.com\/embed\/YLHNiyfUUMQ\" width=\"560\" height=\"314\" allowfullscreen=\"allowfullscreen\"><\/iframe><\/p>\n<p>&nbsp;<\/p>\n","protected":false},"excerpt":{"rendered":"<p>El passat 21 de Mar\u00e7, els alumnes de 1r vam anar a la Granja de Can Mas Pascual a Lli\u00e7\u00e0 d\u2019Amunt.<br \/>\nAll\u00e0 vam con\u00e8ixer una mica m\u00e9s sobre les vaques, ovelles, cabretes, porcs, gallines, conills, cavalls, etc.<\/p>\n<p>&nbsp;<\/p>\n","protected":false},"author":5,"featured_media":0,"comment_status":"open","ping_status":"closed","sticky":false,"template":"","format":"standard","meta":{"_bbp_topic_count":0,"_bbp_reply_count":0,"_bbp_total_topic_count":0,"_bbp_total_reply_count":0,"_bbp_voice_count":0,"_bbp_anonymous_reply_count":0,"_bbp_topic_count_hidden":0,"_bbp_reply_count_hidden":0,"_bbp_forum_subforum_count":0,"footnotes":""},"categories":[10,1,30],"tags":[],"class_list":["post-6856","post","type-post","status-publish","format-standard","hentry","category-1r","category-general","category-sortides"],"post_mailing_queue_ids":[],"_links":{"self":[{"href":"https:\/\/agora.xtec.cat\/escolapablopicasso\/wp-json\/wp\/v2\/posts\/6856","targetHints":{"allow":["GET"]}}],"collection":[{"href":"https:\/\/agora.xtec.cat\/escolapablopicasso\/wp-json\/wp\/v2\/posts"}],"about":[{"href":"https:\/\/agora.xtec.cat\/escolapablopicasso\/wp-json\/wp\/v2\/types\/post"}],"author":[{"embeddable":true,"href":"https:\/\/agora.xtec.cat\/escolapablopicasso\/wp-json\/wp\/v2\/users\/5"}],"replies":[{"embeddable":true,"href":"https:\/\/agora.xtec.cat\/escolapablopicasso\/wp-json\/wp\/v2\/comments?post=6856"}],"version-history":[{"count":3,"href":"https:\/\/agora.xtec.cat\/escolapablopicasso\/wp-json\/wp\/v2\/posts\/6856\/revisions"}],"predecessor-version":[{"id":6863,"href":"https:\/\/agora.xtec.cat\/escolapablopicasso\/wp-json\/wp\/v2\/posts\/6856\/revisions\/6863"}],"wp:attachment":[{"href":"https:\/\/agora.xtec.cat\/escolapablopicasso\/wp-json\/wp\/v2\/media?parent=6856"}],"wp:term":[{"taxonomy":"category","embeddable":true,"href":"https:\/\/agora.xtec.cat\/escolapablopicasso\/wp-json\/wp\/v2\/categories?post=6856"},{"taxonomy":"post_tag","embeddable":true,"href":"https:\/\/agora.xtec.cat\/escolapablopicasso\/wp-json\/wp\/v2\/tags?post=6856"}],"curies":[{"name":"wp","href":"https:\/\/api.w.org\/{rel}","templated":true}]}}