{"id":6817,"date":"2022-03-06T19:26:07","date_gmt":"2022-03-06T18:26:07","guid":{"rendered":"https:\/\/agora.xtec.cat\/escolapablopicasso\/?p=6817"},"modified":"2022-03-06T19:27:50","modified_gmt":"2022-03-06T18:27:50","slug":"sortida-a-mon-sant-benet-entrepans-extravagants","status":"publish","type":"post","link":"https:\/\/agora.xtec.cat\/escolapablopicasso\/general\/sortida-a-mon-sant-benet-entrepans-extravagants\/","title":{"rendered":"Sortida a M\u00f3n Sant Benet, Entrepans Extravagants"},"content":{"rendered":"<p>Bona tarda fam\u00edlies,<\/p>\n<p>Divendres els i les dinosaures vam aprendre una mica m\u00e9s que vol dir tot aix\u00f2 de menjar saludable.<\/p>\n<p>Dins el marc del &#8220;Programa S\u00ed&#8221; de salut integral que es treballa des de l&#8217;escola parlem\u00a0 sovint sobre que \u00e9s un estil de vida saludable.<\/p>\n<p>Debatim sobre els esmorzars, la import\u00e0ncia de fer esport, jugar i relacionar-nos, eliminar al m\u00e1xim l&#8217;\u00fas de pantalles, treballar i comprendre les nostres emocions&#8230; i aix\u00ed poc apropar-nos al concepte de ser saludables.<\/p>\n<p>A la Fundaci\u00f3 Al\u00edcia,\u00a0 a M\u00f3n Sant Benet, divendres ens vam centrar en l&#8217;alimentaci\u00f3 i en crear dos entrepans ben saludables. Alguns no van deixar ni les engrunes, altres nom\u00e9s van tastar per\u00f2 tots i totes vam gaudir molt! Poc a poc es fa cam\u00ed!<\/p>\n<p>Us animem a traspassar i acompanyar-nos tamb\u00e9 en \u00a0aquest model de vida saludable des de casa.<\/p>\n<p>De moment us deixem el v\u00eddeo de com van gaudir.<\/p>\n<p>Fa goig veure&#8217;ls i veure-les!<\/p>\n<p><a href=\"https:\/\/drive.google.com\/file\/d\/1B57q7td9dblkBQH_LiXaOHaeZyUjvheo\/view?usp=drivesdk\" target=\"_blank\" rel=\"noreferrer noopener\">https:\/\/drive.google.com\/file\/d\/1B57q7td9dblkBQH_LiXaOHaeZyUjvheo\/view?usp=drivesdk<\/a><\/p>\n","protected":false},"excerpt":{"rendered":"<p>Bona tarda fam\u00edlies,<br \/>\nDivendres els i les dinosaures vam aprendre una mica m\u00e9s que vol dir tot aix\u00f2 de menjar saludable.<br \/>\nDins el marc del &#8220;Programa S\u00ed&#8221; de salut integral que es treballa des de l&#8217;escola parlem\u00a0 sovint sobre que \u00e9s un estil de vida saludable.<br \/>\nDebatim sobre&hellip;  <a href=\"https:\/\/agora.xtec.cat\/escolapablopicasso\/general\/sortida-a-mon-sant-benet-entrepans-extravagants\/\" title=\"Read Sortida a M\u00f3n Sant Benet, Entrepans Extravagants\">Llegeix m\u00e9s\u00bb<\/a><\/p>\n","protected":false},"author":4,"featured_media":0,"comment_status":"open","ping_status":"closed","sticky":false,"template":"","format":"standard","meta":{"_bbp_topic_count":0,"_bbp_reply_count":0,"_bbp_total_topic_count":0,"_bbp_total_reply_count":0,"_bbp_voice_count":0,"_bbp_anonymous_reply_count":0,"_bbp_topic_count_hidden":0,"_bbp_reply_count_hidden":0,"_bbp_forum_subforum_count":0,"footnotes":""},"categories":[1,9,30],"tags":[],"class_list":["post-6817","post","type-post","status-publish","format-standard","hentry","category-general","category-i5","category-sortides"],"post_mailing_queue_ids":[],"_links":{"self":[{"href":"https:\/\/agora.xtec.cat\/escolapablopicasso\/wp-json\/wp\/v2\/posts\/6817","targetHints":{"allow":["GET"]}}],"collection":[{"href":"https:\/\/agora.xtec.cat\/escolapablopicasso\/wp-json\/wp\/v2\/posts"}],"about":[{"href":"https:\/\/agora.xtec.cat\/escolapablopicasso\/wp-json\/wp\/v2\/types\/post"}],"author":[{"embeddable":true,"href":"https:\/\/agora.xtec.cat\/escolapablopicasso\/wp-json\/wp\/v2\/users\/4"}],"replies":[{"embeddable":true,"href":"https:\/\/agora.xtec.cat\/escolapablopicasso\/wp-json\/wp\/v2\/comments?post=6817"}],"version-history":[{"count":1,"href":"https:\/\/agora.xtec.cat\/escolapablopicasso\/wp-json\/wp\/v2\/posts\/6817\/revisions"}],"predecessor-version":[{"id":6819,"href":"https:\/\/agora.xtec.cat\/escolapablopicasso\/wp-json\/wp\/v2\/posts\/6817\/revisions\/6819"}],"wp:attachment":[{"href":"https:\/\/agora.xtec.cat\/escolapablopicasso\/wp-json\/wp\/v2\/media?parent=6817"}],"wp:term":[{"taxonomy":"category","embeddable":true,"href":"https:\/\/agora.xtec.cat\/escolapablopicasso\/wp-json\/wp\/v2\/categories?post=6817"},{"taxonomy":"post_tag","embeddable":true,"href":"https:\/\/agora.xtec.cat\/escolapablopicasso\/wp-json\/wp\/v2\/tags?post=6817"}],"curies":[{"name":"wp","href":"https:\/\/api.w.org\/{rel}","templated":true}]}}