{"id":6783,"date":"2022-03-03T19:53:30","date_gmt":"2022-03-03T18:53:30","guid":{"rendered":"https:\/\/agora.xtec.cat\/escolapablopicasso\/?p=6783"},"modified":"2022-03-03T19:53:30","modified_gmt":"2022-03-03T18:53:30","slug":"el-guernica-i-la-pau-5e","status":"publish","type":"post","link":"https:\/\/agora.xtec.cat\/escolapablopicasso\/general\/el-guernica-i-la-pau-5e\/","title":{"rendered":"EL &#8220;GUERNICA&#8221; I LA PAU- 5\u00e8"},"content":{"rendered":"<ul>\n<li style=\"font-weight: 400;\" aria-level=\"1\"><span style=\"font-weight: 400;\">L\u2019alumnat de 5\u00e8, a l\u2019igual que la resta <\/span>de l\u2019escola, ha estat treballant la figura i l\u2019art d\u2019en Pablo Picasso.<\/li>\n<li style=\"font-weight: 400;\" aria-level=\"1\">Per acabar hem fet un an\u00e0lisi de la seva obra m\u00e9s coneguda: EL GUERNICA.<\/li>\n<li style=\"font-weight: 400;\" aria-level=\"1\">Malauradament el tema que tracta aquesta pintura est\u00e0 de plena actualitat. Per aix\u00f2, cada infant ha fet la seva petita reproducci\u00f3 amb un esl\u00f2gan per la PAU.<\/li>\n<li style=\"font-weight: 400;\" aria-level=\"1\">Hem recordat que, a partir d\u2019aquest quadre i alguns altres d\u2019aquesta \u00e8poca expressionista, s\u2019ha considerat la figura de Picasso com a representat del pacifisme.<\/li>\n<li aria-level=\"1\">Cliqueu la imatge del Guernica per veure una mica m\u00e9s tot el proc\u00e9s.<\/li>\n<\/ul>\n<p><a href=\"https:\/\/docs.google.com\/presentation\/d\/14sIB1IPUb4W74ZBV8XxgofuCgWxdnWVk\/edit?usp=sharing&amp;ouid=114180465571943098800&amp;rtpof=true&amp;sd=true\"><img loading=\"lazy\" decoding=\"async\" class=\"aligncenter wp-image-6784 size-large\" src=\"https:\/\/agora.xtec.cat\/escolapablopicasso\/wp-content\/uploads\/usu295\/2022\/03\/guernika-1024x438.jpg\" alt=\"\" width=\"1024\" height=\"438\" srcset=\"https:\/\/agora.xtec.cat\/escolapablopicasso\/wp-content\/uploads\/usu295\/2022\/03\/guernika-1024x438.jpg 1024w, https:\/\/agora.xtec.cat\/escolapablopicasso\/wp-content\/uploads\/usu295\/2022\/03\/guernika-300x128.jpg 300w, https:\/\/agora.xtec.cat\/escolapablopicasso\/wp-content\/uploads\/usu295\/2022\/03\/guernika-768x329.jpg 768w, https:\/\/agora.xtec.cat\/escolapablopicasso\/wp-content\/uploads\/usu295\/2022\/03\/guernika.jpg 1280w\" sizes=\"auto, (max-width: 1024px) 100vw, 1024px\" \/><\/a><\/p>\n<p>&nbsp;<\/p>\n","protected":false},"excerpt":{"rendered":"<ul>\n<li style=\"font-weight: 400;\" aria-level=\"1\">L\u2019alumnat de 5\u00e8, a l\u2019igual que la resta de l\u2019escola, ha estat treballant la figura i l\u2019art d\u2019en Pablo Picasso.<\/li>\n<li style=\"font-weight: 400;\" aria-level=\"1\">Per acabar hem fet un an\u00e0lisi de la seva obra m\u00e9s coneguda: EL GUERNICA.<\/li>\n<li style=\"font-weight: 400;\" aria-level=\"1\">Malauradament el tema que&hellip;  <a href=\"https:\/\/agora.xtec.cat\/escolapablopicasso\/general\/el-guernica-i-la-pau-5e\/\" title=\"Read EL &#8220;GUERNICA&#8221; I LA PAU- 5\u00e8\">Llegeix m\u00e9s\u00bb<\/a><br \/>\n","protected":false},"author":5,"featured_media":0,"comment_status":"open","ping_status":"closed","sticky":false,"template":"","format":"standard","meta":{"_bbp_topic_count":0,"_bbp_reply_count":0,"_bbp_total_topic_count":0,"_bbp_total_reply_count":0,"_bbp_voice_count":0,"_bbp_anonymous_reply_count":0,"_bbp_topic_count_hidden":0,"_bbp_reply_count_hidden":0,"_bbp_forum_subforum_count":0,"footnotes":""},"categories":[14,1],"tags":[],"class_list":["post-6783","post","type-post","status-publish","format-standard","hentry","category-5e","category-general"],"post_mailing_queue_ids":[],"_links":{"self":[{"href":"https:\/\/agora.xtec.cat\/escolapablopicasso\/wp-json\/wp\/v2\/posts\/6783","targetHints":{"allow":["GET"]}}],"collection":[{"href":"https:\/\/agora.xtec.cat\/escolapablopicasso\/wp-json\/wp\/v2\/posts"}],"about":[{"href":"https:\/\/agora.xtec.cat\/escolapablopicasso\/wp-json\/wp\/v2\/types\/post"}],"author":[{"embeddable":true,"href":"https:\/\/agora.xtec.cat\/escolapablopicasso\/wp-json\/wp\/v2\/users\/5"}],"replies":[{"embeddable":true,"href":"https:\/\/agora.xtec.cat\/escolapablopicasso\/wp-json\/wp\/v2\/comments?post=6783"}],"version-history":[{"count":1,"href":"https:\/\/agora.xtec.cat\/escolapablopicasso\/wp-json\/wp\/v2\/posts\/6783\/revisions"}],"predecessor-version":[{"id":6785,"href":"https:\/\/agora.xtec.cat\/escolapablopicasso\/wp-json\/wp\/v2\/posts\/6783\/revisions\/6785"}],"wp:attachment":[{"href":"https:\/\/agora.xtec.cat\/escolapablopicasso\/wp-json\/wp\/v2\/media?parent=6783"}],"wp:term":[{"taxonomy":"category","embeddable":true,"href":"https:\/\/agora.xtec.cat\/escolapablopicasso\/wp-json\/wp\/v2\/categories?post=6783"},{"taxonomy":"post_tag","embeddable":true,"href":"https:\/\/agora.xtec.cat\/escolapablopicasso\/wp-json\/wp\/v2\/tags?post=6783"}],"curies":[{"name":"wp","href":"https:\/\/api.w.org\/{rel}","templated":true}]}}