{"id":6774,"date":"2022-03-01T13:42:05","date_gmt":"2022-03-01T12:42:05","guid":{"rendered":"https:\/\/agora.xtec.cat\/escolapablopicasso\/?p=6774"},"modified":"2022-03-02T16:57:12","modified_gmt":"2022-03-02T15:57:12","slug":"infoescola-preinscripcio-curs-2022-23","status":"publish","type":"post","link":"https:\/\/agora.xtec.cat\/escolapablopicasso\/general\/infoescola-preinscripcio-curs-2022-23\/","title":{"rendered":"INFOESCOLA. Preinscripci\u00f3 curs 2022-23"},"content":{"rendered":"<p>Ja podeu consultar el butllet\u00ed n\u00famero 29 de <strong>INFOESCOLA<\/strong> on podreu con\u00e8ixer diferents informacions relacionades amb la preinscripci\u00f3 del curs 2022-2023:<\/p>\n<p>&#8211;<a href=\"https:\/\/educacio.gencat.cat\/ca\/inici\/nota-premsa\/?id=430234\" target=\"_self\" rel=\"noopener\" aria-label=\"\">Educaci\u00f3 inicia una reducci\u00f3 de r\u00e0tios comen\u00e7ant per I3 el curs 2022-2023<\/a><\/p>\n<p>&#8211;<a href=\"https:\/\/educacio.gencat.cat\/ca\/arees-actuacio\/families\/families-escola\/escolaritat\/triar-escola\/\" target=\"_self\" rel=\"noopener\" aria-label=\"\">Qu\u00e8 cal tenir en compte per triar escola?<\/a><\/p>\n<p>&#8211;<a href=\"https:\/\/educacio.gencat.cat\/ca\/inici\/nota-premsa\/20220224-dates-clau-preinscripcio\">Les dates clau de la preinscripci\u00f3 escolar<\/a><\/p>\n<p>&#8211;<a href=\"https:\/\/educacio.gencat.cat\/ca\/inici\/nota-premsa\/20220224-adscripcions\" target=\"_self\" rel=\"noopener\" aria-label=\"\">L&#8217;adscripci\u00f3: la relaci\u00f3 entre els centres de prim\u00e0ria i secund\u00e0ria<\/a><\/p>\n<p>&#8211;<a href=\"https:\/\/educacio.gencat.cat\/ca\/inici\/nota-premsa\/20220125-puntuacio-preinscripcio\">El sistema de puntuacions en la preinscripci\u00f3 escolar<\/a><\/p>\n<p>&#8211;<a href=\"https:\/\/educacio.gencat.cat\/ca\/inici\/nota-premsa\/20220224-com-emplenar-sollicitud\" target=\"_self\" rel=\"noopener\" aria-label=\"\">Com s&#8217;ha d&#8217;emplenar la sol\u00b7licitud de preinscripci\u00f3 escolar?<\/a><\/p>\n<p>&#8211;<a href=\"https:\/\/educacio.gencat.cat\/ca\/inici\/nota-premsa\/20220224-seguiment-proces\" target=\"_self\" rel=\"noopener\" aria-label=\"\">El seguiment del proc\u00e9s<\/a><\/p>\n<p>&#8211;<a href=\"https:\/\/educacio.gencat.cat\/ca\/inici\/nota-premsa\/20220224-web-preinscripcio\" target=\"_self\" rel=\"noopener\" aria-label=\"\">El web de la preinscripci\u00f3<\/a><\/p>\n<p>Cliqueu la imatge per m\u00e9s informaci\u00f3:<\/p>\n<p>&nbsp;<\/p>\n<p><a href=\"https:\/\/educacio.gencat.cat\/ca\/departament\/publicacions\/butlletins\/infoescola\/butlleti-29\/index.html\"><img loading=\"lazy\" decoding=\"async\" class=\"aligncenter wp-image-6775 size-full\" src=\"https:\/\/agora.xtec.cat\/escolapablopicasso\/wp-content\/uploads\/usu295\/2022\/03\/infoescola.png\" alt=\"\" width=\"576\" height=\"868\" srcset=\"https:\/\/agora.xtec.cat\/escolapablopicasso\/wp-content\/uploads\/usu295\/2022\/03\/infoescola.png 576w, https:\/\/agora.xtec.cat\/escolapablopicasso\/wp-content\/uploads\/usu295\/2022\/03\/infoescola-199x300.png 199w\" sizes=\"auto, (max-width: 576px) 100vw, 576px\" \/><\/a><\/p>\n","protected":false},"excerpt":{"rendered":"<p>Ja podeu consultar el butllet\u00ed n\u00famero 29 de INFOESCOLA on podreu con\u00e8ixer diferents informacions relacionades amb la preinscripci\u00f3 del curs 2022-2023:<br \/>\n&#8211;<a href=\"https:\/\/educacio.gencat.cat\/ca\/inici\/nota-premsa\/?id=430234\" target=\"_self\" rel=\"noopener\" aria-label=\"\">Educaci\u00f3 inicia una reducci\u00f3 de r\u00e0tios comen\u00e7ant per I3 el curs 2022-2023<\/a><br \/>\n&#8211;<a href=\"https:\/\/educacio.gencat.cat\/ca\/arees-actuacio\/families\/families-escola\/escolaritat\/triar-escola\/\" target=\"_self\" rel=\"noopener\" aria-label=\"\">Qu\u00e8 cal tenir en compte per&hellip;  <a href=\"https:\/\/agora.xtec.cat\/escolapablopicasso\/general\/infoescola-preinscripcio-curs-2022-23\/\" title=\"Read INFOESCOLA. Preinscripci\u00f3 curs 2022-23\">Llegeix m\u00e9s\u00bb<\/a><\/p>\n","protected":false},"author":5,"featured_media":6775,"comment_status":"open","ping_status":"closed","sticky":false,"template":"","format":"standard","meta":{"_bbp_topic_count":0,"_bbp_reply_count":0,"_bbp_total_topic_count":0,"_bbp_total_reply_count":0,"_bbp_voice_count":0,"_bbp_anonymous_reply_count":0,"_bbp_topic_count_hidden":0,"_bbp_reply_count_hidden":0,"_bbp_forum_subforum_count":0,"footnotes":""},"categories":[1,4],"tags":[],"class_list":["post-6774","post","type-post","status-publish","format-standard","has-post-thumbnail","hentry","category-general","category-portada"],"post_mailing_queue_ids":[],"_links":{"self":[{"href":"https:\/\/agora.xtec.cat\/escolapablopicasso\/wp-json\/wp\/v2\/posts\/6774","targetHints":{"allow":["GET"]}}],"collection":[{"href":"https:\/\/agora.xtec.cat\/escolapablopicasso\/wp-json\/wp\/v2\/posts"}],"about":[{"href":"https:\/\/agora.xtec.cat\/escolapablopicasso\/wp-json\/wp\/v2\/types\/post"}],"author":[{"embeddable":true,"href":"https:\/\/agora.xtec.cat\/escolapablopicasso\/wp-json\/wp\/v2\/users\/5"}],"replies":[{"embeddable":true,"href":"https:\/\/agora.xtec.cat\/escolapablopicasso\/wp-json\/wp\/v2\/comments?post=6774"}],"version-history":[{"count":2,"href":"https:\/\/agora.xtec.cat\/escolapablopicasso\/wp-json\/wp\/v2\/posts\/6774\/revisions"}],"predecessor-version":[{"id":6781,"href":"https:\/\/agora.xtec.cat\/escolapablopicasso\/wp-json\/wp\/v2\/posts\/6774\/revisions\/6781"}],"wp:featuredmedia":[{"embeddable":true,"href":"https:\/\/agora.xtec.cat\/escolapablopicasso\/wp-json\/wp\/v2\/media\/6775"}],"wp:attachment":[{"href":"https:\/\/agora.xtec.cat\/escolapablopicasso\/wp-json\/wp\/v2\/media?parent=6774"}],"wp:term":[{"taxonomy":"category","embeddable":true,"href":"https:\/\/agora.xtec.cat\/escolapablopicasso\/wp-json\/wp\/v2\/categories?post=6774"},{"taxonomy":"post_tag","embeddable":true,"href":"https:\/\/agora.xtec.cat\/escolapablopicasso\/wp-json\/wp\/v2\/tags?post=6774"}],"curies":[{"name":"wp","href":"https:\/\/api.w.org\/{rel}","templated":true}]}}