{"id":6711,"date":"2022-02-14T08:50:33","date_gmt":"2022-02-14T07:50:33","guid":{"rendered":"https:\/\/agora.xtec.cat\/escolapablopicasso\/?p=6711"},"modified":"2022-02-27T20:41:02","modified_gmt":"2022-02-27T19:41:02","slug":"portes-obertes-curs-2022-2023","status":"publish","type":"post","link":"https:\/\/agora.xtec.cat\/escolapablopicasso\/general\/portes-obertes-curs-2022-2023\/","title":{"rendered":"PORTES OBERTES VIRTUALS (CURS 2022-2023)"},"content":{"rendered":"<p>Benvinguts i benvingudes a l\u2019escola Pablo Picasso.<\/p>\n<p>Aquest any, continuem amb la din\u00e1mica del curs passat. Ja sabeu que obrir el centre a un grup nombr\u00f2s de persones perqu\u00e8 el visiteu \u00e9s totalment desaconsellable. De manera que hem preparat un recull d\u2019algunes de les activitats que es fan de manera habitual al nostre dia a dia escolar.<\/p>\n<p>Enguany hem pogut reprendre algunes de les activitats que el curs passat es van haber de veure aturades pels protocols que ens marcaba la pand\u00e8mia. Els\u00a0 moviments de grups i espais han millorat una mica per\u00f2 sense retornar a la seva activitat habitual. Esperem que el proper curs 22\/23 vingui acompanyat de tal millora en la Covid que ens permeti reprendre totes les activitats pr\u00f2pies de la nostra escola.<\/p>\n<p>Com que\u00a0<em>una imatge val m\u00e9s que mil<\/em>\u00a0<em>paraules<\/em>, us presentem\u00a0 a continuaci\u00f3 un v\u00eddeo perqu\u00e8 pugueu establir una connexi\u00f3 amb el nostre projecte educatiu. Veureu imatges actuals i altres rescatades dels \u00faltims anys perqu\u00e8 tingueu una visi\u00f3 m\u00e9s amplia i que no estigui distorsionada per l\u2019actual situaci\u00f3.<\/p>\n<p>&nbsp;<\/p>\n<p><a href=\"https:\/\/drive.google.com\/file\/d\/1yL6BUQgVm9hSFYFC_FX3g662SnO857HD\/view\"><img loading=\"lazy\" decoding=\"async\" class=\"aligncenter size-full wp-image-6713\" src=\"https:\/\/agora.xtec.cat\/escolapablopicasso\/wp-content\/uploads\/usu295\/2022\/02\/VIDEO-150x150-1.jpg\" alt=\"\" width=\"150\" height=\"150\" \/><\/a><\/p>\n<p>En el seg\u00fcent \u201cPower point\u201d (que podeu anar passant al vostre ritme) podreu ampliar la informaci\u00f3 sobre el nostre projecte educatiu.<\/p>\n<p><a href=\"https:\/\/drive.google.com\/file\/d\/1cBG32HgvYoYhrZ4WgcwgMfWIthobo-8K\/view\"><img loading=\"lazy\" decoding=\"async\" class=\"aligncenter wp-image-6714 size-full\" src=\"https:\/\/agora.xtec.cat\/escolapablopicasso\/wp-content\/uploads\/usu295\/2022\/02\/POWER-150x150-1.jpg\" alt=\"\" width=\"150\" height=\"150\" \/><\/a><\/p>\n<p>Us convidem a que continueu fent un cop d\u2019ull a la nostra\u00a0<a href=\"https:\/\/agora.xtec.cat\/escolapablopicasso\/\">P\u00c0GINA WEB<\/a>\u00a0on podreu trobar activitats i documentaci\u00f3 del centre, informaci\u00f3 de menjador i AMPA, els blogs de les aules\u2026<\/p>\n<p>Tamb\u00e9 podeu visitar l\u2019apartat PREINSCRIPCI\u00d3 CURS 2022-2023 on trobareu informaci\u00f3 general sobre el calendari del proc\u00e9s, criteris i requisits, documentaci\u00f3, etc.<\/p>\n<p>Finalment, us demanem que, si teniu qualsevol dubte o voleu saber m\u00e9s coses sobre el centre, ompliu el seg\u00fcent formulari\u00a0\u00a0per participar en alguna de les dues trobades que tindran lloc el proper 24 de febrer.<\/p>\n<p><a href=\"https:\/\/forms.gle\/aqcW5ZB1mEaaVf668\">https:\/\/forms.gle\/aqcW5ZB1mEaaVf668<\/a><\/p>\n<p>Aquest mateix dia rebreu l\u2019enlla\u00e7 mitjan\u00e7ant la plataforma MEET per poder-vos connectar.<\/p>\n<p>Si no us \u00e9s possible, sempre podeu adre\u00e7ar-vos a l\u2019escola a trav\u00e9s del nostre correu electr\u00f2nic:\u00a0<a href=\"mailto:a8039641@xtec.cat\">a8039641@xtec.cat<\/a>.<\/p>\n<p>Una salutaci\u00f3,<\/p>\n<p><img loading=\"lazy\" decoding=\"async\" class=\"aligncenter wp-image-6712 size-large\" src=\"https:\/\/agora.xtec.cat\/escolapablopicasso\/wp-content\/uploads\/usu295\/2022\/02\/preinscirpcio-1024x264.jpg\" alt=\"\" width=\"1024\" height=\"264\" srcset=\"https:\/\/agora.xtec.cat\/escolapablopicasso\/wp-content\/uploads\/usu295\/2022\/02\/preinscirpcio-1024x264.jpg 1024w, https:\/\/agora.xtec.cat\/escolapablopicasso\/wp-content\/uploads\/usu295\/2022\/02\/preinscirpcio-300x77.jpg 300w, https:\/\/agora.xtec.cat\/escolapablopicasso\/wp-content\/uploads\/usu295\/2022\/02\/preinscirpcio-768x198.jpg 768w, https:\/\/agora.xtec.cat\/escolapablopicasso\/wp-content\/uploads\/usu295\/2022\/02\/preinscirpcio.jpg 1273w\" sizes=\"auto, (max-width: 1024px) 100vw, 1024px\" \/><\/p>\n<p>&nbsp;<\/p>\n","protected":false},"excerpt":{"rendered":"<p>Benvinguts i benvingudes a l\u2019escola Pablo Picasso.<br \/>\nAquest any, continuem amb la din\u00e1mica del curs passat. Ja sabeu que obrir el centre a un grup nombr\u00f2s de persones perqu\u00e8 el visiteu \u00e9s totalment desaconsellable. De manera que hem preparat un recull d\u2019algunes de les activitats que&hellip;  <a href=\"https:\/\/agora.xtec.cat\/escolapablopicasso\/general\/portes-obertes-curs-2022-2023\/\" title=\"Read PORTES OBERTES VIRTUALS (CURS 2022-2023)\">Llegeix m\u00e9s\u00bb<\/a><\/p>\n","protected":false},"author":5,"featured_media":6712,"comment_status":"open","ping_status":"closed","sticky":false,"template":"","format":"standard","meta":{"_bbp_topic_count":0,"_bbp_reply_count":0,"_bbp_total_topic_count":0,"_bbp_total_reply_count":0,"_bbp_voice_count":0,"_bbp_anonymous_reply_count":0,"_bbp_topic_count_hidden":0,"_bbp_reply_count_hidden":0,"_bbp_forum_subforum_count":0,"footnotes":""},"categories":[1,4],"tags":[],"class_list":["post-6711","post","type-post","status-publish","format-standard","has-post-thumbnail","hentry","category-general","category-portada"],"post_mailing_queue_ids":[],"_links":{"self":[{"href":"https:\/\/agora.xtec.cat\/escolapablopicasso\/wp-json\/wp\/v2\/posts\/6711","targetHints":{"allow":["GET"]}}],"collection":[{"href":"https:\/\/agora.xtec.cat\/escolapablopicasso\/wp-json\/wp\/v2\/posts"}],"about":[{"href":"https:\/\/agora.xtec.cat\/escolapablopicasso\/wp-json\/wp\/v2\/types\/post"}],"author":[{"embeddable":true,"href":"https:\/\/agora.xtec.cat\/escolapablopicasso\/wp-json\/wp\/v2\/users\/5"}],"replies":[{"embeddable":true,"href":"https:\/\/agora.xtec.cat\/escolapablopicasso\/wp-json\/wp\/v2\/comments?post=6711"}],"version-history":[{"count":3,"href":"https:\/\/agora.xtec.cat\/escolapablopicasso\/wp-json\/wp\/v2\/posts\/6711\/revisions"}],"predecessor-version":[{"id":6726,"href":"https:\/\/agora.xtec.cat\/escolapablopicasso\/wp-json\/wp\/v2\/posts\/6711\/revisions\/6726"}],"wp:featuredmedia":[{"embeddable":true,"href":"https:\/\/agora.xtec.cat\/escolapablopicasso\/wp-json\/wp\/v2\/media\/6712"}],"wp:attachment":[{"href":"https:\/\/agora.xtec.cat\/escolapablopicasso\/wp-json\/wp\/v2\/media?parent=6711"}],"wp:term":[{"taxonomy":"category","embeddable":true,"href":"https:\/\/agora.xtec.cat\/escolapablopicasso\/wp-json\/wp\/v2\/categories?post=6711"},{"taxonomy":"post_tag","embeddable":true,"href":"https:\/\/agora.xtec.cat\/escolapablopicasso\/wp-json\/wp\/v2\/tags?post=6711"}],"curies":[{"name":"wp","href":"https:\/\/api.w.org\/{rel}","templated":true}]}}