{"id":6660,"date":"2022-01-13T08:37:25","date_gmt":"2022-01-13T07:37:25","guid":{"rendered":"https:\/\/agora.xtec.cat\/escolapablopicasso\/?p=6660"},"modified":"2022-02-27T20:41:51","modified_gmt":"2022-02-27T19:41:51","slug":"dates-preinscripcio-curs-2022-23","status":"publish","type":"post","link":"https:\/\/agora.xtec.cat\/escolapablopicasso\/general\/dates-preinscripcio-curs-2022-23\/","title":{"rendered":"DATES PREINSCRIPCI\u00d3 CURS 2022-23"},"content":{"rendered":"<p>Ha sortit publicada la previsi\u00f3 de dates per a la presentaci\u00f3 de sol\u00b7licituds per a la preinscripci\u00f3 del curs 2022\/23:<\/p>\n<h2><strong>Infantil, prim\u00e0ria i secund\u00e0ria obligat\u00f2ria<\/strong><\/h2>\n<p>Presentaci\u00f3 de sol\u00b7licituds:<\/p>\n<ul>\n<li>Educaci\u00f3 infantil i educaci\u00f3 prim\u00e0ria: del 7 al 21 de mar\u00e7<\/li>\n<li>Educaci\u00f3 secund\u00e0ria obligat\u00f2ria: del 9 al 21 de mar\u00e7<\/li>\n<\/ul>\n<p>Podeu consultar la informaci\u00f3 actualitzada a:<\/p>\n<ul>\n<li><a href=\"https:\/\/preinscripcio.gencat.cat\/ca\/inici\/\">https:\/\/preinscripcio.gencat.cat\/ca\/inici\/<\/a><\/li>\n<li><a href=\"https:\/\/www.bdv.cat\/preinscripcio-i-centres-educatius\">https:\/\/www.bdv.cat\/preinscripcio-i-centres-educatius<\/a><\/li>\n<\/ul>\n<p><a href=\"https:\/\/agora.xtec.cat\/escolapablopicasso\/wp-content\/uploads\/usu295\/2022\/01\/CALENDARI.jpeg\"><img loading=\"lazy\" decoding=\"async\" class=\"aligncenter size-full wp-image-6661\" src=\"https:\/\/agora.xtec.cat\/escolapablopicasso\/wp-content\/uploads\/usu295\/2022\/01\/CALENDARI.jpeg\" alt=\"\" width=\"624\" height=\"385\" srcset=\"https:\/\/agora.xtec.cat\/escolapablopicasso\/wp-content\/uploads\/usu295\/2022\/01\/CALENDARI.jpeg 624w, https:\/\/agora.xtec.cat\/escolapablopicasso\/wp-content\/uploads\/usu295\/2022\/01\/CALENDARI-300x185.jpeg 300w\" sizes=\"auto, (max-width: 624px) 100vw, 624px\" \/><\/a><\/p>\n<p>&nbsp;<\/p>\n","protected":false},"excerpt":{"rendered":"<p>Ha sortit publicada la previsi\u00f3 de dates per a la presentaci\u00f3 de sol\u00b7licituds per a la preinscripci\u00f3 del curs 2022\/23:<br \/>\nInfantil, prim\u00e0ria i secund\u00e0ria obligat\u00f2ria<br \/>\nPresentaci\u00f3 de sol\u00b7licituds:<\/p>\n<ul>\n<li>Educaci\u00f3 infantil i educaci\u00f3 prim\u00e0ria: del 7 al 21 de mar\u00e7<\/li>\n<li>Educaci\u00f3 secund\u00e0ria obligat\u00f2ria: del 9 al 21 de mar\u00e7<\/li>\n<\/ul>\n<p>Podeu consultar&hellip;  <a href=\"https:\/\/agora.xtec.cat\/escolapablopicasso\/general\/dates-preinscripcio-curs-2022-23\/\" title=\"Read DATES PREINSCRIPCI\u00d3 CURS 2022-23\">Llegeix m\u00e9s\u00bb<\/a><\/p>\n","protected":false},"author":5,"featured_media":6661,"comment_status":"open","ping_status":"closed","sticky":false,"template":"","format":"standard","meta":{"_bbp_topic_count":0,"_bbp_reply_count":0,"_bbp_total_topic_count":0,"_bbp_total_reply_count":0,"_bbp_voice_count":0,"_bbp_anonymous_reply_count":0,"_bbp_topic_count_hidden":0,"_bbp_reply_count_hidden":0,"_bbp_forum_subforum_count":0,"footnotes":""},"categories":[1,4],"tags":[],"class_list":["post-6660","post","type-post","status-publish","format-standard","has-post-thumbnail","hentry","category-general","category-portada"],"post_mailing_queue_ids":[],"_links":{"self":[{"href":"https:\/\/agora.xtec.cat\/escolapablopicasso\/wp-json\/wp\/v2\/posts\/6660","targetHints":{"allow":["GET"]}}],"collection":[{"href":"https:\/\/agora.xtec.cat\/escolapablopicasso\/wp-json\/wp\/v2\/posts"}],"about":[{"href":"https:\/\/agora.xtec.cat\/escolapablopicasso\/wp-json\/wp\/v2\/types\/post"}],"author":[{"embeddable":true,"href":"https:\/\/agora.xtec.cat\/escolapablopicasso\/wp-json\/wp\/v2\/users\/5"}],"replies":[{"embeddable":true,"href":"https:\/\/agora.xtec.cat\/escolapablopicasso\/wp-json\/wp\/v2\/comments?post=6660"}],"version-history":[{"count":1,"href":"https:\/\/agora.xtec.cat\/escolapablopicasso\/wp-json\/wp\/v2\/posts\/6660\/revisions"}],"predecessor-version":[{"id":6662,"href":"https:\/\/agora.xtec.cat\/escolapablopicasso\/wp-json\/wp\/v2\/posts\/6660\/revisions\/6662"}],"wp:featuredmedia":[{"embeddable":true,"href":"https:\/\/agora.xtec.cat\/escolapablopicasso\/wp-json\/wp\/v2\/media\/6661"}],"wp:attachment":[{"href":"https:\/\/agora.xtec.cat\/escolapablopicasso\/wp-json\/wp\/v2\/media?parent=6660"}],"wp:term":[{"taxonomy":"category","embeddable":true,"href":"https:\/\/agora.xtec.cat\/escolapablopicasso\/wp-json\/wp\/v2\/categories?post=6660"},{"taxonomy":"post_tag","embeddable":true,"href":"https:\/\/agora.xtec.cat\/escolapablopicasso\/wp-json\/wp\/v2\/tags?post=6660"}],"curies":[{"name":"wp","href":"https:\/\/api.w.org\/{rel}","templated":true}]}}