{"id":6618,"date":"2021-12-17T09:00:58","date_gmt":"2021-12-17T08:00:58","guid":{"rendered":"https:\/\/agora.xtec.cat\/escolapablopicasso\/?p=6618"},"modified":"2021-12-17T19:05:42","modified_gmt":"2021-12-17T18:05:42","slug":"videos-picasso-en-concert-versio-t-m-c","status":"publish","type":"post","link":"https:\/\/agora.xtec.cat\/escolapablopicasso\/general\/videos-picasso-en-concert-versio-t-m-c\/","title":{"rendered":"VIDEOS &#8220;PICASSO EN CONCERT&#8221; (versi\u00f3 T.M.C)"},"content":{"rendered":"<p>Gui\u00f3, presentadors, veu, micr\u00f2fons, m\u00fasica, c\u00e0mara, pantalla, tel\u00f3, llums&#8230; Tot est\u00e0 preparat.<\/p>\n<p>Amb molts nervis i molta il\u00b7lusi\u00f3, els artistes pugen a l&#8217;escenari i interpreten les can\u00e7ons que tant han assajat durant aquestes \u00faltimes setmanes.<\/p>\n<p>Aqu\u00ed trobareu els videos del concert que vam fer el passat 10 de desembre al T.M.C:<\/p>\n<p><strong>-1r torn:<\/strong> 2nA, 3rA, 4tA, 5\u00e8A i 6\u00e8A (cliqueu <a href=\"https:\/\/view.genial.ly\/61bc42fc2349c40dd58ad634\/presentation-picasso-en-concert-1r-torn\">aqu\u00ed<\/a>)<\/p>\n<p><strong>-2n torn:<\/strong> 2nB, 3rB, 4tB, 5\u00e8B i 6\u00e8B (cliqueu <a href=\"https:\/\/view.genial.ly\/61baf10bb3f11b0e0659414c\/presentation-picasso-en-concert-2n-torn\">aqu\u00ed<\/a>)<\/p>\n<p><strong>-3r torn:<\/strong> P3, P4, P5, 1r, 4tC i 6\u00e8C (cliqueu <a href=\"https:\/\/view.genial.ly\/61bcb69674907f0e36a53a32\/presentation-picasso-en-concert-3r-torn\">aqu\u00ed<\/a>)<\/p>\n<p>-Triptic del concert (cliqueu <a href=\"https:\/\/drive.google.com\/file\/d\/1YmipWar8PWqqRc7W7H47cm9cK6rtp0jp\/view?usp=sharing\">aqu\u00ed<\/a>)<\/p>\n<p><strong>ATENCI\u00d3!!!!!!<\/strong><\/p>\n<p>Pr\u00f2xima actuaci\u00f3 (amb fam\u00edlies) <strong>dimarts 21 de desembre<\/strong> al pati de l&#8217;escola.<\/p>\n<p><img loading=\"lazy\" decoding=\"async\" class=\"aligncenter wp-image-6619 size-full\" src=\"https:\/\/agora.xtec.cat\/escolapablopicasso\/wp-content\/uploads\/usu295\/2021\/12\/unnamed.jpg\" alt=\"\" width=\"500\" height=\"185\" srcset=\"https:\/\/agora.xtec.cat\/escolapablopicasso\/wp-content\/uploads\/usu295\/2021\/12\/unnamed.jpg 500w, https:\/\/agora.xtec.cat\/escolapablopicasso\/wp-content\/uploads\/usu295\/2021\/12\/unnamed-300x111.jpg 300w\" sizes=\"auto, (max-width: 500px) 100vw, 500px\" \/><\/p>\n","protected":false},"excerpt":{"rendered":"<p>Gui\u00f3, presentadors, veu, micr\u00f2fons, m\u00fasica, c\u00e0mara, pantalla, tel\u00f3, llums&#8230; Tot est\u00e0 preparat.<br \/>\nAmb molts nervis i molta il\u00b7lusi\u00f3, els artistes pugen a l&#8217;escenari i interpreten les can\u00e7ons que tant han assajat durant aquestes \u00faltimes setmanes.<br \/>\nAqu\u00ed trobareu els videos del concert que vam fer el passat 10&hellip;  <a href=\"https:\/\/agora.xtec.cat\/escolapablopicasso\/general\/videos-picasso-en-concert-versio-t-m-c\/\" title=\"Read VIDEOS &#8220;PICASSO EN CONCERT&#8221; (versi\u00f3 T.M.C)\">Llegeix m\u00e9s\u00bb<\/a><\/p>\n","protected":false},"author":5,"featured_media":0,"comment_status":"open","ping_status":"closed","sticky":false,"template":"","format":"standard","meta":{"_bbp_topic_count":0,"_bbp_reply_count":0,"_bbp_total_topic_count":0,"_bbp_total_reply_count":0,"_bbp_voice_count":0,"_bbp_anonymous_reply_count":0,"_bbp_topic_count_hidden":0,"_bbp_reply_count_hidden":0,"_bbp_forum_subforum_count":0,"footnotes":""},"categories":[22,23,1,2,24,4,5],"tags":[],"class_list":["post-6618","post","type-post","status-publish","format-standard","hentry","category-angles","category-nadal","category-general","category-infantil","category-musica","category-portada","category-primaria"],"post_mailing_queue_ids":[],"_links":{"self":[{"href":"https:\/\/agora.xtec.cat\/escolapablopicasso\/wp-json\/wp\/v2\/posts\/6618","targetHints":{"allow":["GET"]}}],"collection":[{"href":"https:\/\/agora.xtec.cat\/escolapablopicasso\/wp-json\/wp\/v2\/posts"}],"about":[{"href":"https:\/\/agora.xtec.cat\/escolapablopicasso\/wp-json\/wp\/v2\/types\/post"}],"author":[{"embeddable":true,"href":"https:\/\/agora.xtec.cat\/escolapablopicasso\/wp-json\/wp\/v2\/users\/5"}],"replies":[{"embeddable":true,"href":"https:\/\/agora.xtec.cat\/escolapablopicasso\/wp-json\/wp\/v2\/comments?post=6618"}],"version-history":[{"count":3,"href":"https:\/\/agora.xtec.cat\/escolapablopicasso\/wp-json\/wp\/v2\/posts\/6618\/revisions"}],"predecessor-version":[{"id":6635,"href":"https:\/\/agora.xtec.cat\/escolapablopicasso\/wp-json\/wp\/v2\/posts\/6618\/revisions\/6635"}],"wp:attachment":[{"href":"https:\/\/agora.xtec.cat\/escolapablopicasso\/wp-json\/wp\/v2\/media?parent=6618"}],"wp:term":[{"taxonomy":"category","embeddable":true,"href":"https:\/\/agora.xtec.cat\/escolapablopicasso\/wp-json\/wp\/v2\/categories?post=6618"},{"taxonomy":"post_tag","embeddable":true,"href":"https:\/\/agora.xtec.cat\/escolapablopicasso\/wp-json\/wp\/v2\/tags?post=6618"}],"curies":[{"name":"wp","href":"https:\/\/api.w.org\/{rel}","templated":true}]}}