{"id":6611,"date":"2021-12-02T13:30:35","date_gmt":"2021-12-02T12:30:35","guid":{"rendered":"https:\/\/agora.xtec.cat\/escolapablopicasso\/?p=6611"},"modified":"2021-12-02T13:30:35","modified_gmt":"2021-12-02T12:30:35","slug":"amb-les-nostres-mans","status":"publish","type":"post","link":"https:\/\/agora.xtec.cat\/escolapablopicasso\/general\/amb-les-nostres-mans\/","title":{"rendered":"Amb les nostres mans"},"content":{"rendered":"<p><a href=\"https:\/\/agora.xtec.cat\/escolapablopicasso\/wp-content\/uploads\/usu295\/2021\/12\/portada_olives.png\"><img loading=\"lazy\" decoding=\"async\" class=\"aligncenter size-full wp-image-6612\" src=\"https:\/\/agora.xtec.cat\/escolapablopicasso\/wp-content\/uploads\/usu295\/2021\/12\/portada_olives.png\" alt=\"\" width=\"1169\" height=\"829\" srcset=\"https:\/\/agora.xtec.cat\/escolapablopicasso\/wp-content\/uploads\/usu295\/2021\/12\/portada_olives.png 1169w, https:\/\/agora.xtec.cat\/escolapablopicasso\/wp-content\/uploads\/usu295\/2021\/12\/portada_olives-300x213.png 300w, https:\/\/agora.xtec.cat\/escolapablopicasso\/wp-content\/uploads\/usu295\/2021\/12\/portada_olives-1024x726.png 1024w, https:\/\/agora.xtec.cat\/escolapablopicasso\/wp-content\/uploads\/usu295\/2021\/12\/portada_olives-768x545.png 768w\" sizes=\"auto, (max-width: 1169px) 100vw, 1169px\" \/><\/a><\/p>\n<p>Els nostres infants han tingut un secret guardat molts dies&#8230; hem fet la nostra pr\u00f2pia collita d&#8217;olives i les hem amanit, estan fetes amb molt de carinyo!<\/p>\n<p>Clicant a l&#8217;enlla\u00e7 podreu veure la documentaci\u00f3 de tot aquest proc\u00e9s.<\/p>\n<p><a href=\"https:\/\/drive.google.com\/file\/d\/1wE0DOXpR6_fZqPNEFye2tqheoOlmYVPI\/view?usp=sharing\">https:\/\/drive.google.com\/file\/d\/1wE0DOXpR6_fZqPNEFye2tqheoOlmYVPI\/view?usp=sharing<\/a><\/p>\n","protected":false},"excerpt":{"rendered":"<p><a href=\"https:\/\/agora.xtec.cat\/escolapablopicasso\/wp-content\/uploads\/usu295\/2021\/12\/portada_olives.png\"><\/a><br \/>\nEls nostres infants han tingut un secret guardat molts dies&#8230; hem fet la nostra pr\u00f2pia collita d&#8217;olives i les hem amanit, estan fetes amb molt de carinyo!<br \/>\nClicant a l&#8217;enlla\u00e7 podreu veure la documentaci\u00f3 de tot aquest proc\u00e9s.<br \/>\n<a href=\"https:\/\/drive.google.com\/file\/d\/1wE0DOXpR6_fZqPNEFye2tqheoOlmYVPI\/view?usp=sharing\">https:\/\/drive.google.com\/file\/d\/1wE0DOXpR6_fZqPNEFye2tqheoOlmYVPI\/view?usp=sharing<\/a><\/p>\n","protected":false},"author":4,"featured_media":6612,"comment_status":"open","ping_status":"closed","sticky":false,"template":"","format":"standard","meta":{"_bbp_topic_count":0,"_bbp_reply_count":0,"_bbp_total_topic_count":0,"_bbp_total_reply_count":0,"_bbp_voice_count":0,"_bbp_anonymous_reply_count":0,"_bbp_topic_count_hidden":0,"_bbp_reply_count_hidden":0,"_bbp_forum_subforum_count":0,"footnotes":""},"categories":[1,8,2],"tags":[74,71],"class_list":["post-6611","post","type-post","status-publish","format-standard","has-post-thumbnail","hentry","category-general","category-i4","category-infantil","tag-olives","tag-p4"],"post_mailing_queue_ids":[],"_links":{"self":[{"href":"https:\/\/agora.xtec.cat\/escolapablopicasso\/wp-json\/wp\/v2\/posts\/6611","targetHints":{"allow":["GET"]}}],"collection":[{"href":"https:\/\/agora.xtec.cat\/escolapablopicasso\/wp-json\/wp\/v2\/posts"}],"about":[{"href":"https:\/\/agora.xtec.cat\/escolapablopicasso\/wp-json\/wp\/v2\/types\/post"}],"author":[{"embeddable":true,"href":"https:\/\/agora.xtec.cat\/escolapablopicasso\/wp-json\/wp\/v2\/users\/4"}],"replies":[{"embeddable":true,"href":"https:\/\/agora.xtec.cat\/escolapablopicasso\/wp-json\/wp\/v2\/comments?post=6611"}],"version-history":[{"count":2,"href":"https:\/\/agora.xtec.cat\/escolapablopicasso\/wp-json\/wp\/v2\/posts\/6611\/revisions"}],"predecessor-version":[{"id":6614,"href":"https:\/\/agora.xtec.cat\/escolapablopicasso\/wp-json\/wp\/v2\/posts\/6611\/revisions\/6614"}],"wp:featuredmedia":[{"embeddable":true,"href":"https:\/\/agora.xtec.cat\/escolapablopicasso\/wp-json\/wp\/v2\/media\/6612"}],"wp:attachment":[{"href":"https:\/\/agora.xtec.cat\/escolapablopicasso\/wp-json\/wp\/v2\/media?parent=6611"}],"wp:term":[{"taxonomy":"category","embeddable":true,"href":"https:\/\/agora.xtec.cat\/escolapablopicasso\/wp-json\/wp\/v2\/categories?post=6611"},{"taxonomy":"post_tag","embeddable":true,"href":"https:\/\/agora.xtec.cat\/escolapablopicasso\/wp-json\/wp\/v2\/tags?post=6611"}],"curies":[{"name":"wp","href":"https:\/\/api.w.org\/{rel}","templated":true}]}}