{"id":6604,"date":"2021-12-02T12:42:12","date_gmt":"2021-12-02T11:42:12","guid":{"rendered":"https:\/\/agora.xtec.cat\/escolapablopicasso\/?p=6604"},"modified":"2021-12-02T12:42:12","modified_gmt":"2021-12-02T11:42:12","slug":"de-que-fa-gust-la-lluna","status":"publish","type":"post","link":"https:\/\/agora.xtec.cat\/escolapablopicasso\/infantil\/de-que-fa-gust-la-lluna\/","title":{"rendered":"De qu\u00e8 fa gust la lluna?"},"content":{"rendered":"<p>Hola fam\u00edlies, ja hem acabat el petit projecte del conte: De qu\u00e8 fa gust la lluna?, de Michael Grejniec.<\/p>\n<p>Un conte que els hi ha agradat molt i en el que han apr\u00e8s a qu\u00e8 si treballem en equip i ens ajudem tot surt molt millor.<\/p>\n<p>Us deixem aquest enlla\u00e7 perqu\u00e8 veieu totes les coses que hem treballat a partir del conte.<\/p>\n<p><a href=\"https:\/\/drive.google.com\/file\/d\/1GMkVrWPmMZw4cD2IEj69TAVcCOA-EWFH\/view?usp=sharing\">https:\/\/drive.google.com\/file\/d\/1GMkVrWPmMZw4cD2IEj69TAVcCOA-EWFH\/view?usp=sharing<\/a><\/p>\n<p>P-4<\/p>\n","protected":false},"excerpt":{"rendered":"<p>Hola fam\u00edlies, ja hem acabat el petit projecte del conte: De qu\u00e8 fa gust la lluna?, de Michael Grejniec.<br \/>\nUn conte que els hi ha agradat molt i en el que han apr\u00e8s a qu\u00e8 si treballem en equip i ens ajudem tot surt molt millor.<br \/>\nUs&hellip;  <a href=\"https:\/\/agora.xtec.cat\/escolapablopicasso\/infantil\/de-que-fa-gust-la-lluna\/\" title=\"Read De qu\u00e8 fa gust la lluna?\">Llegeix m\u00e9s\u00bb<\/a><\/p>\n","protected":false},"author":4,"featured_media":6605,"comment_status":"open","ping_status":"closed","sticky":false,"template":"","format":"standard","meta":{"_bbp_topic_count":0,"_bbp_reply_count":0,"_bbp_total_topic_count":0,"_bbp_total_reply_count":0,"_bbp_voice_count":0,"_bbp_anonymous_reply_count":0,"_bbp_topic_count_hidden":0,"_bbp_reply_count_hidden":0,"_bbp_forum_subforum_count":0,"footnotes":""},"categories":[8,2],"tags":[],"class_list":["post-6604","post","type-post","status-publish","format-standard","has-post-thumbnail","hentry","category-i4","category-infantil"],"post_mailing_queue_ids":[],"_links":{"self":[{"href":"https:\/\/agora.xtec.cat\/escolapablopicasso\/wp-json\/wp\/v2\/posts\/6604","targetHints":{"allow":["GET"]}}],"collection":[{"href":"https:\/\/agora.xtec.cat\/escolapablopicasso\/wp-json\/wp\/v2\/posts"}],"about":[{"href":"https:\/\/agora.xtec.cat\/escolapablopicasso\/wp-json\/wp\/v2\/types\/post"}],"author":[{"embeddable":true,"href":"https:\/\/agora.xtec.cat\/escolapablopicasso\/wp-json\/wp\/v2\/users\/4"}],"replies":[{"embeddable":true,"href":"https:\/\/agora.xtec.cat\/escolapablopicasso\/wp-json\/wp\/v2\/comments?post=6604"}],"version-history":[{"count":1,"href":"https:\/\/agora.xtec.cat\/escolapablopicasso\/wp-json\/wp\/v2\/posts\/6604\/revisions"}],"predecessor-version":[{"id":6608,"href":"https:\/\/agora.xtec.cat\/escolapablopicasso\/wp-json\/wp\/v2\/posts\/6604\/revisions\/6608"}],"wp:featuredmedia":[{"embeddable":true,"href":"https:\/\/agora.xtec.cat\/escolapablopicasso\/wp-json\/wp\/v2\/media\/6605"}],"wp:attachment":[{"href":"https:\/\/agora.xtec.cat\/escolapablopicasso\/wp-json\/wp\/v2\/media?parent=6604"}],"wp:term":[{"taxonomy":"category","embeddable":true,"href":"https:\/\/agora.xtec.cat\/escolapablopicasso\/wp-json\/wp\/v2\/categories?post=6604"},{"taxonomy":"post_tag","embeddable":true,"href":"https:\/\/agora.xtec.cat\/escolapablopicasso\/wp-json\/wp\/v2\/tags?post=6604"}],"curies":[{"name":"wp","href":"https:\/\/api.w.org\/{rel}","templated":true}]}}