{"id":6599,"date":"2021-12-03T08:00:01","date_gmt":"2021-12-03T07:00:01","guid":{"rendered":"https:\/\/agora.xtec.cat\/escolapablopicasso\/?p=6599"},"modified":"2021-11-29T16:52:48","modified_gmt":"2021-11-29T15:52:48","slug":"festius-desembre","status":"publish","type":"post","link":"https:\/\/agora.xtec.cat\/escolapablopicasso\/general\/festius-desembre\/","title":{"rendered":"FESTIUS DESEMBRE"},"content":{"rendered":"<p>Us recordem que el dilluns <strong>6 de DESEMBRE<\/strong> \u00e9s <strong>FESTIU<\/strong>. El dimarts <strong>7 de DESEMBRE<\/strong> \u00e9s dia de <strong>LLIURE DISPOSICI\u00d3<\/strong>. I el dimecres <strong>8 de DESEMBRE<\/strong> \u00e9s <strong>FESTIU<\/strong> aix\u00ed que <strong><u>L\u2019ESCOLA ROMANDR\u00c0 TANCADA<\/u><\/strong><u>.<\/u><\/p>\n<p>Tornem el <strong>dijous 9 de desembre<\/strong>!!!!<\/p>\n<p><strong><u><img loading=\"lazy\" decoding=\"async\" class=\"aligncenter size-full wp-image-5049\" src=\"https:\/\/agora.xtec.cat\/escolapablopicasso\/wp-content\/uploads\/usu295\/2019\/11\/descarga.png\" alt=\"\" width=\"233\" height=\"217\" \/><\/u><\/strong><\/p>\n","protected":false},"excerpt":{"rendered":"<p>Us recordem que el dilluns 6 de DESEMBRE \u00e9s FESTIU. El dimarts 7 de DESEMBRE \u00e9s dia de LLIURE DISPOSICI\u00d3. I el dimecres 8 de DESEMBRE \u00e9s FESTIU aix\u00ed que L\u2019ESCOLA ROMANDR\u00c0 TANCADA.<br \/>\nTornem el dijous 9 de desembre!!!!<\/p>\n","protected":false},"author":5,"featured_media":0,"comment_status":"open","ping_status":"closed","sticky":false,"template":"","format":"standard","meta":{"_bbp_topic_count":0,"_bbp_reply_count":0,"_bbp_total_topic_count":0,"_bbp_total_reply_count":0,"_bbp_voice_count":0,"_bbp_anonymous_reply_count":0,"_bbp_topic_count_hidden":0,"_bbp_reply_count_hidden":0,"_bbp_forum_subforum_count":0,"footnotes":""},"categories":[1,4],"tags":[],"class_list":["post-6599","post","type-post","status-publish","format-standard","hentry","category-general","category-portada"],"post_mailing_queue_ids":[],"_links":{"self":[{"href":"https:\/\/agora.xtec.cat\/escolapablopicasso\/wp-json\/wp\/v2\/posts\/6599","targetHints":{"allow":["GET"]}}],"collection":[{"href":"https:\/\/agora.xtec.cat\/escolapablopicasso\/wp-json\/wp\/v2\/posts"}],"about":[{"href":"https:\/\/agora.xtec.cat\/escolapablopicasso\/wp-json\/wp\/v2\/types\/post"}],"author":[{"embeddable":true,"href":"https:\/\/agora.xtec.cat\/escolapablopicasso\/wp-json\/wp\/v2\/users\/5"}],"replies":[{"embeddable":true,"href":"https:\/\/agora.xtec.cat\/escolapablopicasso\/wp-json\/wp\/v2\/comments?post=6599"}],"version-history":[{"count":1,"href":"https:\/\/agora.xtec.cat\/escolapablopicasso\/wp-json\/wp\/v2\/posts\/6599\/revisions"}],"predecessor-version":[{"id":6600,"href":"https:\/\/agora.xtec.cat\/escolapablopicasso\/wp-json\/wp\/v2\/posts\/6599\/revisions\/6600"}],"wp:attachment":[{"href":"https:\/\/agora.xtec.cat\/escolapablopicasso\/wp-json\/wp\/v2\/media?parent=6599"}],"wp:term":[{"taxonomy":"category","embeddable":true,"href":"https:\/\/agora.xtec.cat\/escolapablopicasso\/wp-json\/wp\/v2\/categories?post=6599"},{"taxonomy":"post_tag","embeddable":true,"href":"https:\/\/agora.xtec.cat\/escolapablopicasso\/wp-json\/wp\/v2\/tags?post=6599"}],"curies":[{"name":"wp","href":"https:\/\/api.w.org\/{rel}","templated":true}]}}