{"id":6566,"date":"2021-11-11T16:30:28","date_gmt":"2021-11-11T15:30:28","guid":{"rendered":"https:\/\/agora.xtec.cat\/escolapablopicasso\/?p=6566"},"modified":"2021-11-14T17:41:43","modified_gmt":"2021-11-14T16:41:43","slug":"picasso-en-concert-torns-i-vestuari","status":"publish","type":"post","link":"https:\/\/agora.xtec.cat\/escolapablopicasso\/general\/picasso-en-concert-torns-i-vestuari\/","title":{"rendered":"Picasso en concert. Torns i vestuari."},"content":{"rendered":"<p>El <strong><u>divendres 10 de desembre<\/u><\/strong> celebrarem el concert com cada any al T.M.C. El concert ser\u00e0 en tres torns:<\/p>\n<p><strong>-Primer torn (9:30h a 10:30h)\u00a0 <\/strong><strong>2nA, 3rA, 4tA, 5\u00e8A i 6\u00e8A<\/strong><\/p>\n<p><strong>-Segon torn (11h a 12h) <\/strong><strong>2nB, 3rB, 4tB, 5\u00e8B i 6\u00e8B<\/strong><\/p>\n<p><strong>-Tercer torn (15:30h a 16:20h)<\/strong><strong>\u00a0P3, P4, P5, 1r, 4tC i 6\u00e8C<\/strong><\/p>\n<p>Com podreu veure, aquest any hem canviat l\u2019organitzaci\u00f3 dels torns per tal de respectar els grups bombolla.<\/p>\n<p>Des de l\u2019\u00e0rea de m\u00fasica, l\u2019alumnat i les mestres de m\u00fasica han acordat per cursos com aniran vestits aquest dia, en relaci\u00f3 amb la can\u00e7\u00f3 que cantaran.<\/p>\n<p>Aqu\u00ed teniu les consignes de vestuari:<\/p>\n<p style=\"margin: 12px auto 6px auto; font-family: Helvetica,Arial,Sans-serif; font-style: normal; font-variant: normal; font-weight: normal; font-size: 14px; line-height: normal; font-size-adjust: none; font-stretch: normal; -x-system-font: none; display: block;\"><a style=\"text-decoration: underline;\" title=\"View Nota Fam\u00edlies Concert 2021 on Scribd\" href=\"https:\/\/www.scribd.com\/document\/538835304\/Nota-Families-Concert-2021#from_embed\">Nota Fam\u00edlies Concert 2021<\/a> by <a style=\"text-decoration: underline;\" title=\"View escolapablopicasso's profile on Scribd\" href=\"https:\/\/www.scribd.com\/user\/317182417\/escolapablopicasso#from_embed\">escolapablopicasso<\/a> on Scribd<\/p>\n<p><iframe loading=\"lazy\" id=\"doc_20191\" class=\"scribd_iframe_embed\" title=\"Nota Fam\u00edlies Concert 2021\" src=\"https:\/\/www.scribd.com\/embeds\/538835304\/content?start_page=1&amp;view_mode=scroll&amp;access_key=key-azbVezdbdTeXNCIiWFSw\" width=\"100%\" height=\"600\" frameborder=\"0\" scrolling=\"no\" data-auto-height=\"false\" data-aspect-ratio=\"0.7080062794348508\"><\/iframe><\/p>\n","protected":false},"excerpt":{"rendered":"<p>El divendres 10 de desembre celebrarem el concert com cada any al T.M.C. El concert ser\u00e0 en tres torns:<br \/>\n-Primer torn (9:30h a 10:30h)\u00a0 2nA, 3rA, 4tA, 5\u00e8A i 6\u00e8A<br \/>\n-Segon torn (11h a 12h) 2nB, 3rB, 4tB, 5\u00e8B i 6\u00e8B<br \/>\n-Tercer torn (15:30h a 16:20h)\u00a0P3, P4, P5,&hellip;  <a href=\"https:\/\/agora.xtec.cat\/escolapablopicasso\/general\/picasso-en-concert-torns-i-vestuari\/\" title=\"Read Picasso en concert. Torns i vestuari.\">Llegeix m\u00e9s\u00bb<\/a><\/p>\n","protected":false},"author":5,"featured_media":0,"comment_status":"open","ping_status":"closed","sticky":false,"template":"","format":"standard","meta":{"_bbp_topic_count":0,"_bbp_reply_count":0,"_bbp_total_topic_count":0,"_bbp_total_reply_count":0,"_bbp_voice_count":0,"_bbp_anonymous_reply_count":0,"_bbp_topic_count_hidden":0,"_bbp_reply_count_hidden":0,"_bbp_forum_subforum_count":0,"footnotes":""},"categories":[1,24,4],"tags":[],"class_list":["post-6566","post","type-post","status-publish","format-standard","hentry","category-general","category-musica","category-portada"],"post_mailing_queue_ids":[],"_links":{"self":[{"href":"https:\/\/agora.xtec.cat\/escolapablopicasso\/wp-json\/wp\/v2\/posts\/6566","targetHints":{"allow":["GET"]}}],"collection":[{"href":"https:\/\/agora.xtec.cat\/escolapablopicasso\/wp-json\/wp\/v2\/posts"}],"about":[{"href":"https:\/\/agora.xtec.cat\/escolapablopicasso\/wp-json\/wp\/v2\/types\/post"}],"author":[{"embeddable":true,"href":"https:\/\/agora.xtec.cat\/escolapablopicasso\/wp-json\/wp\/v2\/users\/5"}],"replies":[{"embeddable":true,"href":"https:\/\/agora.xtec.cat\/escolapablopicasso\/wp-json\/wp\/v2\/comments?post=6566"}],"version-history":[{"count":3,"href":"https:\/\/agora.xtec.cat\/escolapablopicasso\/wp-json\/wp\/v2\/posts\/6566\/revisions"}],"predecessor-version":[{"id":6577,"href":"https:\/\/agora.xtec.cat\/escolapablopicasso\/wp-json\/wp\/v2\/posts\/6566\/revisions\/6577"}],"wp:attachment":[{"href":"https:\/\/agora.xtec.cat\/escolapablopicasso\/wp-json\/wp\/v2\/media?parent=6566"}],"wp:term":[{"taxonomy":"category","embeddable":true,"href":"https:\/\/agora.xtec.cat\/escolapablopicasso\/wp-json\/wp\/v2\/categories?post=6566"},{"taxonomy":"post_tag","embeddable":true,"href":"https:\/\/agora.xtec.cat\/escolapablopicasso\/wp-json\/wp\/v2\/tags?post=6566"}],"curies":[{"name":"wp","href":"https:\/\/api.w.org\/{rel}","templated":true}]}}