{"id":6556,"date":"2021-11-03T08:52:59","date_gmt":"2021-11-03T07:52:59","guid":{"rendered":"https:\/\/agora.xtec.cat\/escolapablopicasso\/?p=6556"},"modified":"2021-11-04T08:57:56","modified_gmt":"2021-11-04T07:57:56","slug":"eleccions-a-la-renovacio-de-membres-del-consell-escolar-2021","status":"publish","type":"post","link":"https:\/\/agora.xtec.cat\/escolapablopicasso\/general\/eleccions-a-la-renovacio-de-membres-del-consell-escolar-2021\/","title":{"rendered":"ELECCIONS A LA RENOVACI\u00d3 DE MEMBRES DEL CONSELL ESCOLAR 2021"},"content":{"rendered":"<p>Benvolgudes fam\u00edlies,<\/p>\n<p>Adjuntem document informatiu sobre la renovaci\u00f3 parcial dels diferents membres que formen part del Consell Escolar, que es celebrar\u00e0 properament, seguint les instruccions del Departament d&#8217;Educaci\u00f3.<\/p>\n<p><b>Us animem a la participaci\u00f3<\/b>\u00a0i agrairia que davant de qualsevol dubte, us poseu en contacte amb el centre<\/p>\n<p style=\"margin: 12px auto 6px auto; font-family: Helvetica,Arial,Sans-serif; font-style: normal; font-variant: normal; font-weight: normal; font-size: 14px; line-height: normal; font-size-adjust: none; font-stretch: normal; -x-system-font: none; display: block;\"><a style=\"text-decoration: underline;\" title=\"View Circular Consell Escolar 2021 on Scribd\" href=\"https:\/\/www.scribd.com\/document\/537130665\/Circular-Consell-Escolar-2021#from_embed\">Circular Consell Escolar 2021<\/a> by <a style=\"text-decoration: underline;\" title=\"View escolapablopicasso's profile on Scribd\" href=\"https:\/\/www.scribd.com\/user\/317182417\/escolapablopicasso#from_embed\">escolapablopicasso<\/a> on Scribd<\/p>\n<p><iframe loading=\"lazy\" id=\"doc_21298\" class=\"scribd_iframe_embed\" title=\"Circular Consell Escolar 2021\" src=\"https:\/\/www.scribd.com\/embeds\/537130665\/content?start_page=1&amp;view_mode=scroll&amp;access_key=key-X6LHGf46s1nBwMSMILp5\" width=\"100%\" height=\"600\" frameborder=\"0\" scrolling=\"no\" data-auto-height=\"false\" data-aspect-ratio=\"0.7080062794348508\"><\/iframe><\/p>\n","protected":false},"excerpt":{"rendered":"<p>Benvolgudes fam\u00edlies,<br \/>\nAdjuntem document informatiu sobre la renovaci\u00f3 parcial dels diferents membres que formen part del Consell Escolar, que es celebrar\u00e0 properament, seguint les instruccions del Departament d&#8217;Educaci\u00f3.<br \/>\nUs animem a la participaci\u00f3\u00a0i agrairia que davant de qualsevol dubte, us poseu en contacte amb el centre<br \/>\n<a style=\"text-decoration:&hellip;  <a href=\"https:\/\/agora.xtec.cat\/escolapablopicasso\/general\/eleccions-a-la-renovacio-de-membres-del-consell-escolar-2021\/\" title=\"Read ELECCIONS A LA RENOVACI\u00d3 DE MEMBRES DEL CONSELL ESCOLAR 2021\">Llegeix m\u00e9s\u00bb<\/a><\/p>\n","protected":false},"author":5,"featured_media":0,"comment_status":"open","ping_status":"closed","sticky":false,"template":"","format":"standard","meta":{"_bbp_topic_count":0,"_bbp_reply_count":0,"_bbp_total_topic_count":0,"_bbp_total_reply_count":0,"_bbp_voice_count":0,"_bbp_anonymous_reply_count":0,"_bbp_topic_count_hidden":0,"_bbp_reply_count_hidden":0,"_bbp_forum_subforum_count":0,"footnotes":""},"categories":[1,4],"tags":[],"class_list":["post-6556","post","type-post","status-publish","format-standard","hentry","category-general","category-portada"],"post_mailing_queue_ids":[],"_links":{"self":[{"href":"https:\/\/agora.xtec.cat\/escolapablopicasso\/wp-json\/wp\/v2\/posts\/6556","targetHints":{"allow":["GET"]}}],"collection":[{"href":"https:\/\/agora.xtec.cat\/escolapablopicasso\/wp-json\/wp\/v2\/posts"}],"about":[{"href":"https:\/\/agora.xtec.cat\/escolapablopicasso\/wp-json\/wp\/v2\/types\/post"}],"author":[{"embeddable":true,"href":"https:\/\/agora.xtec.cat\/escolapablopicasso\/wp-json\/wp\/v2\/users\/5"}],"replies":[{"embeddable":true,"href":"https:\/\/agora.xtec.cat\/escolapablopicasso\/wp-json\/wp\/v2\/comments?post=6556"}],"version-history":[{"count":1,"href":"https:\/\/agora.xtec.cat\/escolapablopicasso\/wp-json\/wp\/v2\/posts\/6556\/revisions"}],"predecessor-version":[{"id":6557,"href":"https:\/\/agora.xtec.cat\/escolapablopicasso\/wp-json\/wp\/v2\/posts\/6556\/revisions\/6557"}],"wp:attachment":[{"href":"https:\/\/agora.xtec.cat\/escolapablopicasso\/wp-json\/wp\/v2\/media?parent=6556"}],"wp:term":[{"taxonomy":"category","embeddable":true,"href":"https:\/\/agora.xtec.cat\/escolapablopicasso\/wp-json\/wp\/v2\/categories?post=6556"},{"taxonomy":"post_tag","embeddable":true,"href":"https:\/\/agora.xtec.cat\/escolapablopicasso\/wp-json\/wp\/v2\/tags?post=6556"}],"curies":[{"name":"wp","href":"https:\/\/api.w.org\/{rel}","templated":true}]}}