{"id":6503,"date":"2021-10-24T21:07:41","date_gmt":"2021-10-24T19:07:41","guid":{"rendered":"https:\/\/agora.xtec.cat\/escolapablopicasso\/?p=6503"},"modified":"2021-10-24T21:07:41","modified_gmt":"2021-10-24T19:07:41","slug":"les-mones-i-els-micos-visiten-la-biblioteca-municipal","status":"publish","type":"post","link":"https:\/\/agora.xtec.cat\/escolapablopicasso\/general\/les-mones-i-els-micos-visiten-la-biblioteca-municipal\/","title":{"rendered":"Les mones i els micos visiten la biblioteca municipal"},"content":{"rendered":"<p>Aix\u00f2 ja ha comen\u00e7at!<\/p>\n<p>Les mones i els micos ja han fet la seva primera sortida a P4! I que millor manera d&#8217;inaugurar les sortides d&#8217;aquest curs, que visitant un dels llocs amb m\u00e9s m\u00e0gia i encant del nostre poble: la biblioteca municipal!<\/p>\n<p>Les nostres nenes i nens han pogut gaudir d&#8217;un mat\u00ed molt divertit i ple d&#8217;emocions, una aventura interessant sortir de l&#8217;escola i anar a con\u00e8ixer aquest lloc que encomana curiositat, alegria i creativitat, un lloc on poder deixar anar la imaginaci\u00f3.<\/p>\n<p>Fam\u00edlies us convidem a gaudir amb els vostres infants d&#8217;aquest indret, aneu-hi a descobrir tots els contes que all\u00e0 s&#8217;hi amaguen.<\/p>\n<p><a href=\"https:\/\/agora.xtec.cat\/escolapablopicasso\/wp-content\/uploads\/usu295\/2021\/10\/20211021_114414-scaled.jpg\"><img loading=\"lazy\" decoding=\"async\" class=\"aligncenter size-full wp-image-6504\" src=\"https:\/\/agora.xtec.cat\/escolapablopicasso\/wp-content\/uploads\/usu295\/2021\/10\/20211021_114414-scaled.jpg\" alt=\"\" width=\"2560\" height=\"1712\" srcset=\"https:\/\/agora.xtec.cat\/escolapablopicasso\/wp-content\/uploads\/usu295\/2021\/10\/20211021_114414-scaled.jpg 2560w, https:\/\/agora.xtec.cat\/escolapablopicasso\/wp-content\/uploads\/usu295\/2021\/10\/20211021_114414-300x201.jpg 300w, https:\/\/agora.xtec.cat\/escolapablopicasso\/wp-content\/uploads\/usu295\/2021\/10\/20211021_114414-1024x685.jpg 1024w, https:\/\/agora.xtec.cat\/escolapablopicasso\/wp-content\/uploads\/usu295\/2021\/10\/20211021_114414-768x514.jpg 768w, https:\/\/agora.xtec.cat\/escolapablopicasso\/wp-content\/uploads\/usu295\/2021\/10\/20211021_114414-1536x1027.jpg 1536w, https:\/\/agora.xtec.cat\/escolapablopicasso\/wp-content\/uploads\/usu295\/2021\/10\/20211021_114414-2048x1370.jpg 2048w\" sizes=\"auto, (max-width: 2560px) 100vw, 2560px\" \/><\/a><\/p>\n<p>Cliqueu l&#8217;enlla\u00e7 per veure el v\u00eddeo resum de la sortida:<\/p>\n<p><a href=\"https:\/\/drive.google.com\/file\/d\/1J96aiD4kKrAAqfbLDSj-2nEToFqWWfrR\/view?usp=sharing\" target=\"_blank\" rel=\"noopener\">Visitem la biblioteca https:\/\/drive.google.com\/file\/d\/1J96aiD4kKrAAqfbLDSj-2nEToFqWWfrR\/view?usp=sharing<\/a><\/p>\n","protected":false},"excerpt":{"rendered":"<p>Aix\u00f2 ja ha comen\u00e7at!<br \/>\nLes mones i els micos ja han fet la seva primera sortida a P4! I que millor manera d&#8217;inaugurar les sortides d&#8217;aquest curs, que visitant un dels llocs amb m\u00e9s m\u00e0gia i encant del nostre poble: la biblioteca municipal!<br \/>\nLes nostres nenes i&hellip;  <a href=\"https:\/\/agora.xtec.cat\/escolapablopicasso\/general\/les-mones-i-els-micos-visiten-la-biblioteca-municipal\/\" title=\"Read Les mones i els micos visiten la biblioteca municipal\">Llegeix m\u00e9s\u00bb<\/a><\/p>\n","protected":false},"author":4,"featured_media":6504,"comment_status":"open","ping_status":"closed","sticky":false,"template":"","format":"standard","meta":{"_bbp_topic_count":0,"_bbp_reply_count":0,"_bbp_total_topic_count":0,"_bbp_total_reply_count":0,"_bbp_voice_count":0,"_bbp_anonymous_reply_count":0,"_bbp_topic_count_hidden":0,"_bbp_reply_count_hidden":0,"_bbp_forum_subforum_count":0,"footnotes":""},"categories":[1,8,2,30],"tags":[73,60,71,72],"class_list":["post-6503","post","type-post","status-publish","format-standard","has-post-thumbnail","hentry","category-general","category-i4","category-infantil","category-sortides","tag-biblioteca","tag-infantil","tag-p4","tag-sortida"],"post_mailing_queue_ids":[],"_links":{"self":[{"href":"https:\/\/agora.xtec.cat\/escolapablopicasso\/wp-json\/wp\/v2\/posts\/6503","targetHints":{"allow":["GET"]}}],"collection":[{"href":"https:\/\/agora.xtec.cat\/escolapablopicasso\/wp-json\/wp\/v2\/posts"}],"about":[{"href":"https:\/\/agora.xtec.cat\/escolapablopicasso\/wp-json\/wp\/v2\/types\/post"}],"author":[{"embeddable":true,"href":"https:\/\/agora.xtec.cat\/escolapablopicasso\/wp-json\/wp\/v2\/users\/4"}],"replies":[{"embeddable":true,"href":"https:\/\/agora.xtec.cat\/escolapablopicasso\/wp-json\/wp\/v2\/comments?post=6503"}],"version-history":[{"count":1,"href":"https:\/\/agora.xtec.cat\/escolapablopicasso\/wp-json\/wp\/v2\/posts\/6503\/revisions"}],"predecessor-version":[{"id":6505,"href":"https:\/\/agora.xtec.cat\/escolapablopicasso\/wp-json\/wp\/v2\/posts\/6503\/revisions\/6505"}],"wp:featuredmedia":[{"embeddable":true,"href":"https:\/\/agora.xtec.cat\/escolapablopicasso\/wp-json\/wp\/v2\/media\/6504"}],"wp:attachment":[{"href":"https:\/\/agora.xtec.cat\/escolapablopicasso\/wp-json\/wp\/v2\/media?parent=6503"}],"wp:term":[{"taxonomy":"category","embeddable":true,"href":"https:\/\/agora.xtec.cat\/escolapablopicasso\/wp-json\/wp\/v2\/categories?post=6503"},{"taxonomy":"post_tag","embeddable":true,"href":"https:\/\/agora.xtec.cat\/escolapablopicasso\/wp-json\/wp\/v2\/tags?post=6503"}],"curies":[{"name":"wp","href":"https:\/\/api.w.org\/{rel}","templated":true}]}}