{"id":6480,"date":"2021-10-07T08:42:14","date_gmt":"2021-10-07T06:42:14","guid":{"rendered":"https:\/\/agora.xtec.cat\/escolapablopicasso\/?p=6480"},"modified":"2021-10-04T08:44:05","modified_gmt":"2021-10-04T06:44:05","slug":"festiu-octubre-2","status":"publish","type":"post","link":"https:\/\/agora.xtec.cat\/escolapablopicasso\/general\/festiu-octubre-2\/","title":{"rendered":"FESTIU OCTUBRE"},"content":{"rendered":"<p>Us recordem que el dilluns 11 d&#8217;octubre \u00e9s DIA DE LLIURE DISPOSICI\u00d3 i que el dimarts 12 d&#8217;octubre \u00e9s FESTA i <strong><u>L\u2019ESCOLA ROMANDR\u00c0 TANCADA.<\/u><\/strong><\/p>\n<p>Tornem el dimecres 13 d&#8217;octubre!!!!<\/p>\n<p><a href=\"https:\/\/agora.xtec.cat\/escolapablopicasso\/wp-content\/uploads\/usu295\/2020\/10\/calendario-12.jpg\"><img loading=\"lazy\" decoding=\"async\" class=\"aligncenter wp-image-5797 size-full\" src=\"https:\/\/agora.xtec.cat\/escolapablopicasso\/wp-content\/uploads\/usu295\/2020\/10\/calendario-12.jpg\" alt=\"\" width=\"700\" height=\"431\" srcset=\"https:\/\/agora.xtec.cat\/escolapablopicasso\/wp-content\/uploads\/usu295\/2020\/10\/calendario-12.jpg 700w, https:\/\/agora.xtec.cat\/escolapablopicasso\/wp-content\/uploads\/usu295\/2020\/10\/calendario-12-300x185.jpg 300w\" sizes=\"auto, (max-width: 700px) 100vw, 700px\" \/><\/a><\/p>\n","protected":false},"excerpt":{"rendered":"<p>Us recordem que el dilluns 11 d&#8217;octubre \u00e9s DIA DE LLIURE DISPOSICI\u00d3 i que el dimarts 12 d&#8217;octubre \u00e9s FESTA i L\u2019ESCOLA ROMANDR\u00c0 TANCADA.<br \/>\nTornem el dimecres 13 d&#8217;octubre!!!!<br \/>\n<a href=\"https:\/\/agora.xtec.cat\/escolapablopicasso\/wp-content\/uploads\/usu295\/2020\/10\/calendario-12.jpg\"><\/a><\/p>\n","protected":false},"author":5,"featured_media":0,"comment_status":"open","ping_status":"closed","sticky":false,"template":"","format":"standard","meta":{"_bbp_topic_count":0,"_bbp_reply_count":0,"_bbp_total_topic_count":0,"_bbp_total_reply_count":0,"_bbp_voice_count":0,"_bbp_anonymous_reply_count":0,"_bbp_topic_count_hidden":0,"_bbp_reply_count_hidden":0,"_bbp_forum_subforum_count":0,"footnotes":""},"categories":[1,4],"tags":[],"class_list":["post-6480","post","type-post","status-publish","format-standard","hentry","category-general","category-portada"],"post_mailing_queue_ids":[],"_links":{"self":[{"href":"https:\/\/agora.xtec.cat\/escolapablopicasso\/wp-json\/wp\/v2\/posts\/6480","targetHints":{"allow":["GET"]}}],"collection":[{"href":"https:\/\/agora.xtec.cat\/escolapablopicasso\/wp-json\/wp\/v2\/posts"}],"about":[{"href":"https:\/\/agora.xtec.cat\/escolapablopicasso\/wp-json\/wp\/v2\/types\/post"}],"author":[{"embeddable":true,"href":"https:\/\/agora.xtec.cat\/escolapablopicasso\/wp-json\/wp\/v2\/users\/5"}],"replies":[{"embeddable":true,"href":"https:\/\/agora.xtec.cat\/escolapablopicasso\/wp-json\/wp\/v2\/comments?post=6480"}],"version-history":[{"count":1,"href":"https:\/\/agora.xtec.cat\/escolapablopicasso\/wp-json\/wp\/v2\/posts\/6480\/revisions"}],"predecessor-version":[{"id":6481,"href":"https:\/\/agora.xtec.cat\/escolapablopicasso\/wp-json\/wp\/v2\/posts\/6480\/revisions\/6481"}],"wp:attachment":[{"href":"https:\/\/agora.xtec.cat\/escolapablopicasso\/wp-json\/wp\/v2\/media?parent=6480"}],"wp:term":[{"taxonomy":"category","embeddable":true,"href":"https:\/\/agora.xtec.cat\/escolapablopicasso\/wp-json\/wp\/v2\/categories?post=6480"},{"taxonomy":"post_tag","embeddable":true,"href":"https:\/\/agora.xtec.cat\/escolapablopicasso\/wp-json\/wp\/v2\/tags?post=6480"}],"curies":[{"name":"wp","href":"https:\/\/api.w.org\/{rel}","templated":true}]}}