{"id":6474,"date":"2021-09-28T11:19:29","date_gmt":"2021-09-28T09:19:29","guid":{"rendered":"https:\/\/agora.xtec.cat\/escolapablopicasso\/?p=6474"},"modified":"2021-09-28T11:19:29","modified_gmt":"2021-09-28T09:19:29","slug":"dossier-organitzacio-i-funcionament-i-pla-dactuacio-curs-2021-22","status":"publish","type":"post","link":"https:\/\/agora.xtec.cat\/escolapablopicasso\/general\/dossier-organitzacio-i-funcionament-i-pla-dactuacio-curs-2021-22\/","title":{"rendered":"Dossier organitzaci\u00f3 i funcionament i Pla d&#8217;Actuaci\u00f3 curs 2021-22"},"content":{"rendered":"<p><span>Benvolgudes fam\u00edlies,<\/span><\/p>\n<p><span>Tot i que ja s\u2019acava el setembre, us facilitem el dossier que cada any us feiem arribar a inici del curs escolar (dossier de fulls grocs) amb la informaci\u00f3 sobre organitzaci\u00f3 i funcionament del nostre centre.<\/span><\/p>\n<p><span>Ja sabeu que darrerament hem patit canvis i, ara que sembla que la situaci\u00f3 comen\u00e7a a estabilitzar-se, us passem la informaci\u00f3 perqu\u00e8 la tingueu m\u00e9s present.<\/span><\/p>\n<p><span>Igualment us adjuntem el Pla d&#8217;actuaci\u00f3 d&#8217;aquest nou curs escolar presentat en Consell Escolar i amb el vistiplau de la Inspecci\u00f3 (seguint el protocol sanitari establert).<\/span><\/p>\n<p><span>Aquesta informaci\u00f3 va destinada a tota la comunitat educativa, per\u00f2 sobretot a aquells membres (families, docents, &#8230;) que s\u2019han incorporat per primera vegada al centre.<\/span><\/p>\n<p><span>Rebeu una cordial salutaci\u00f3<\/span><\/p>\n<p style=\"text-align: right;\"><span>L&#8217;ESCOLA<\/span><\/p>\n<p><a href=\"https:\/\/agora.xtec.cat\/escolapablopicasso\/curs-21-22\/normes-i-funcionament-del-centre\/\">Full groc organitzaci\u00f3, normes i funcionament curs 2021-22<\/a><\/p>\n<p><a href=\"https:\/\/agora.xtec.cat\/escolapablopicasso\/curs-21-22\/pla-dactuacio-curs-2021-22\/\">Pla d&#8217;Actuaci\u00f3 curs 2021-22<\/a><\/p>\n","protected":false},"excerpt":{"rendered":"<p>Benvolgudes fam\u00edlies,<br \/>\nTot i que ja s\u2019acava el setembre, us facilitem el dossier que cada any us feiem arribar a inici del curs escolar (dossier de fulls grocs) amb la informaci\u00f3 sobre organitzaci\u00f3 i funcionament del nostre centre.<br \/>\nJa sabeu que darrerament hem patit canvis i, ara&hellip;  <a href=\"https:\/\/agora.xtec.cat\/escolapablopicasso\/general\/dossier-organitzacio-i-funcionament-i-pla-dactuacio-curs-2021-22\/\" title=\"Read Dossier organitzaci\u00f3 i funcionament i Pla d&#8217;Actuaci\u00f3 curs 2021-22\">Llegeix m\u00e9s\u00bb<\/a><\/p>\n","protected":false},"author":1,"featured_media":0,"comment_status":"open","ping_status":"closed","sticky":false,"template":"","format":"standard","meta":{"_bbp_topic_count":0,"_bbp_reply_count":0,"_bbp_total_topic_count":0,"_bbp_total_reply_count":0,"_bbp_voice_count":0,"_bbp_anonymous_reply_count":0,"_bbp_topic_count_hidden":0,"_bbp_reply_count_hidden":0,"_bbp_forum_subforum_count":0,"footnotes":""},"categories":[1,4],"tags":[],"class_list":["post-6474","post","type-post","status-publish","format-standard","hentry","category-general","category-portada"],"post_mailing_queue_ids":[],"_links":{"self":[{"href":"https:\/\/agora.xtec.cat\/escolapablopicasso\/wp-json\/wp\/v2\/posts\/6474","targetHints":{"allow":["GET"]}}],"collection":[{"href":"https:\/\/agora.xtec.cat\/escolapablopicasso\/wp-json\/wp\/v2\/posts"}],"about":[{"href":"https:\/\/agora.xtec.cat\/escolapablopicasso\/wp-json\/wp\/v2\/types\/post"}],"author":[{"embeddable":true,"href":"https:\/\/agora.xtec.cat\/escolapablopicasso\/wp-json\/wp\/v2\/users\/1"}],"replies":[{"embeddable":true,"href":"https:\/\/agora.xtec.cat\/escolapablopicasso\/wp-json\/wp\/v2\/comments?post=6474"}],"version-history":[{"count":1,"href":"https:\/\/agora.xtec.cat\/escolapablopicasso\/wp-json\/wp\/v2\/posts\/6474\/revisions"}],"predecessor-version":[{"id":6476,"href":"https:\/\/agora.xtec.cat\/escolapablopicasso\/wp-json\/wp\/v2\/posts\/6474\/revisions\/6476"}],"wp:attachment":[{"href":"https:\/\/agora.xtec.cat\/escolapablopicasso\/wp-json\/wp\/v2\/media?parent=6474"}],"wp:term":[{"taxonomy":"category","embeddable":true,"href":"https:\/\/agora.xtec.cat\/escolapablopicasso\/wp-json\/wp\/v2\/categories?post=6474"},{"taxonomy":"post_tag","embeddable":true,"href":"https:\/\/agora.xtec.cat\/escolapablopicasso\/wp-json\/wp\/v2\/tags?post=6474"}],"curies":[{"name":"wp","href":"https:\/\/api.w.org\/{rel}","templated":true}]}}