{"id":6447,"date":"2021-06-30T11:05:33","date_gmt":"2021-06-30T09:05:33","guid":{"rendered":"http:\/\/agora.xtec.cat\/escolapablopicasso\/?p=6447"},"modified":"2021-06-30T11:05:33","modified_gmt":"2021-06-30T09:05:33","slug":"recomanacions-destiu-eso","status":"publish","type":"post","link":"https:\/\/agora.xtec.cat\/escolapablopicasso\/general\/recomanacions-destiu-eso\/","title":{"rendered":"Recomanacions d&#8217;estiu &#8211; ESO"},"content":{"rendered":"<p><img loading=\"lazy\" decoding=\"async\" class=\"alignright\" src=\"https:\/\/1.bp.blogspot.com\/-gP3McgAZAoA\/VBW_tAkglsI\/AAAAAAAAA-E\/3Cz238BVIiM\/s1600\/estiu.jpg\" alt=\"M\u00daSICA i ESCOLA\" width=\"303\" height=\"206\" \/><\/p>\n<p>Aqu\u00ed podreu trobar les recomanacions de deures d&#8217;estiu d&#8217;aquest curs per a l&#8217;alumnat de sis\u00e8 que passa a l&#8217;institut que cada curs elabora el Departament d&#8217;Educaci\u00f3.<\/p>\n<p>Com veureu, s\u00f3n recomanacions tant a nivell de llengua com de matem\u00e0tiques i algunes propostes online que ajudaran als vostres infants de cara a l&#8217;ESO.<\/p>\n<p>Tamb\u00e9 hi ha un horari per ajudar a que es planifiquin el temps per dur a terme aquestes recomanacions.<\/p>\n<p><a href=\"https:\/\/agora.xtec.cat\/escolapablopicasso\/wp-content\/uploads\/usu295\/2021\/06\/Dossier-recomanacions-ESO-estiu-2020.pdf\">Dossier recomanacions ESO estiu 2020<\/a><\/p>\n<p><a href=\"https:\/\/agora.xtec.cat\/escolapablopicasso\/wp-content\/uploads\/usu295\/2021\/06\/Horari-estiu-planificaci\u00f3-ESO-2020.pdf\">Horari estiu planificaci\u00f3 ESO 2020<\/a><\/p>\n","protected":false},"excerpt":{"rendered":"<p>Aqu\u00ed podreu trobar les recomanacions de deures d&#8217;estiu d&#8217;aquest curs per a l&#8217;alumnat de sis\u00e8 que passa a l&#8217;institut que cada curs elabora el Departament d&#8217;Educaci\u00f3.<br \/>\nCom veureu, s\u00f3n recomanacions tant a nivell de llengua com de matem\u00e0tiques i algunes propostes online que ajudaran als vostres&hellip;  <a href=\"https:\/\/agora.xtec.cat\/escolapablopicasso\/general\/recomanacions-destiu-eso\/\" title=\"Read Recomanacions d&#8217;estiu &#8211; ESO\">Llegeix m\u00e9s\u00bb<\/a><\/p>\n","protected":false},"author":3,"featured_media":0,"comment_status":"open","ping_status":"closed","sticky":false,"template":"","format":"standard","meta":{"_bbp_topic_count":0,"_bbp_reply_count":0,"_bbp_total_topic_count":0,"_bbp_total_reply_count":0,"_bbp_voice_count":0,"_bbp_anonymous_reply_count":0,"_bbp_topic_count_hidden":0,"_bbp_reply_count_hidden":0,"_bbp_forum_subforum_count":0,"footnotes":""},"categories":[15,1,4,5],"tags":[],"class_list":["post-6447","post","type-post","status-publish","format-standard","hentry","category-6e","category-general","category-portada","category-primaria"],"post_mailing_queue_ids":[],"_links":{"self":[{"href":"https:\/\/agora.xtec.cat\/escolapablopicasso\/wp-json\/wp\/v2\/posts\/6447","targetHints":{"allow":["GET"]}}],"collection":[{"href":"https:\/\/agora.xtec.cat\/escolapablopicasso\/wp-json\/wp\/v2\/posts"}],"about":[{"href":"https:\/\/agora.xtec.cat\/escolapablopicasso\/wp-json\/wp\/v2\/types\/post"}],"author":[{"embeddable":true,"href":"https:\/\/agora.xtec.cat\/escolapablopicasso\/wp-json\/wp\/v2\/users\/3"}],"replies":[{"embeddable":true,"href":"https:\/\/agora.xtec.cat\/escolapablopicasso\/wp-json\/wp\/v2\/comments?post=6447"}],"version-history":[{"count":1,"href":"https:\/\/agora.xtec.cat\/escolapablopicasso\/wp-json\/wp\/v2\/posts\/6447\/revisions"}],"predecessor-version":[{"id":6450,"href":"https:\/\/agora.xtec.cat\/escolapablopicasso\/wp-json\/wp\/v2\/posts\/6447\/revisions\/6450"}],"wp:attachment":[{"href":"https:\/\/agora.xtec.cat\/escolapablopicasso\/wp-json\/wp\/v2\/media?parent=6447"}],"wp:term":[{"taxonomy":"category","embeddable":true,"href":"https:\/\/agora.xtec.cat\/escolapablopicasso\/wp-json\/wp\/v2\/categories?post=6447"},{"taxonomy":"post_tag","embeddable":true,"href":"https:\/\/agora.xtec.cat\/escolapablopicasso\/wp-json\/wp\/v2\/tags?post=6447"}],"curies":[{"name":"wp","href":"https:\/\/api.w.org\/{rel}","templated":true}]}}