{"id":6430,"date":"2021-06-19T21:29:38","date_gmt":"2021-06-19T19:29:38","guid":{"rendered":"http:\/\/agora.xtec.cat\/escolapablopicasso\/?p=6430"},"modified":"2021-06-24T21:53:22","modified_gmt":"2021-06-24T19:53:22","slug":"comiat-de-6e-2","status":"publish","type":"post","link":"https:\/\/agora.xtec.cat\/escolapablopicasso\/general\/comiat-de-6e-2\/","title":{"rendered":"COMIAT DE 6\u00e8"},"content":{"rendered":"<p>Nois i noies de 6\u00e8, ja ha arribat el dia! Oi que ha passat molt r\u00e0pid?<\/p>\n<p>Ara, aquesta aventura que molts vau iniciar amb nom\u00e9s 3 anys a l\u2019escola ja s&#8217;acaba&#8230;<\/p>\n<p>Tots els vostres companys i companyes de l&#8217;escola i els vostres mestres us volem dedicar la can\u00e7\u00f3 &#8220;Per sempre m\u00e9s&#8221;<\/p>\n<p>Esperem que sempre ens porteu al vostre cor.<\/p>\n<p>Cliqueu la foto per accedir als v\u00eddeos:<\/p>\n<p><a href=\"https:\/\/view.genial.ly\/60d4cf02533a900de690c853\/presentation-presentacion-vuelta-al-cole\"><img loading=\"lazy\" decoding=\"async\" class=\"aligncenter wp-image-6431\" src=\"https:\/\/agora.xtec.cat\/escolapablopicasso\/wp-content\/uploads\/usu295\/2021\/06\/birrete.jpg\" alt=\"\" width=\"289\" height=\"250\" srcset=\"https:\/\/agora.xtec.cat\/escolapablopicasso\/wp-content\/uploads\/usu295\/2021\/06\/birrete.jpg 970w, https:\/\/agora.xtec.cat\/escolapablopicasso\/wp-content\/uploads\/usu295\/2021\/06\/birrete-300x260.jpg 300w, https:\/\/agora.xtec.cat\/escolapablopicasso\/wp-content\/uploads\/usu295\/2021\/06\/birrete-768x666.jpg 768w\" sizes=\"auto, (max-width: 289px) 100vw, 289px\" \/><\/a><\/p>\n<p>&nbsp;<\/p>\n","protected":false},"excerpt":{"rendered":"<p>Nois i noies de 6\u00e8, ja ha arribat el dia! Oi que ha passat molt r\u00e0pid?<br \/>\nAra, aquesta aventura que molts vau iniciar amb nom\u00e9s 3 anys a l\u2019escola ja s&#8217;acaba&#8230;<br \/>\nTots els vostres companys i companyes de l&#8217;escola i els vostres mestres us volem dedicar la&hellip;  <a href=\"https:\/\/agora.xtec.cat\/escolapablopicasso\/general\/comiat-de-6e-2\/\" title=\"Read COMIAT DE 6\u00e8\">Llegeix m\u00e9s\u00bb<\/a><\/p>\n","protected":false},"author":5,"featured_media":0,"comment_status":"open","ping_status":"closed","sticky":false,"template":"","format":"standard","meta":{"_bbp_topic_count":0,"_bbp_reply_count":0,"_bbp_total_topic_count":0,"_bbp_total_reply_count":0,"_bbp_voice_count":0,"_bbp_anonymous_reply_count":0,"_bbp_topic_count_hidden":0,"_bbp_reply_count_hidden":0,"_bbp_forum_subforum_count":0,"footnotes":""},"categories":[23,1,4],"tags":[],"class_list":["post-6430","post","type-post","status-publish","format-standard","hentry","category-nadal","category-general","category-portada"],"post_mailing_queue_ids":[],"_links":{"self":[{"href":"https:\/\/agora.xtec.cat\/escolapablopicasso\/wp-json\/wp\/v2\/posts\/6430","targetHints":{"allow":["GET"]}}],"collection":[{"href":"https:\/\/agora.xtec.cat\/escolapablopicasso\/wp-json\/wp\/v2\/posts"}],"about":[{"href":"https:\/\/agora.xtec.cat\/escolapablopicasso\/wp-json\/wp\/v2\/types\/post"}],"author":[{"embeddable":true,"href":"https:\/\/agora.xtec.cat\/escolapablopicasso\/wp-json\/wp\/v2\/users\/5"}],"replies":[{"embeddable":true,"href":"https:\/\/agora.xtec.cat\/escolapablopicasso\/wp-json\/wp\/v2\/comments?post=6430"}],"version-history":[{"count":3,"href":"https:\/\/agora.xtec.cat\/escolapablopicasso\/wp-json\/wp\/v2\/posts\/6430\/revisions"}],"predecessor-version":[{"id":6435,"href":"https:\/\/agora.xtec.cat\/escolapablopicasso\/wp-json\/wp\/v2\/posts\/6430\/revisions\/6435"}],"wp:attachment":[{"href":"https:\/\/agora.xtec.cat\/escolapablopicasso\/wp-json\/wp\/v2\/media?parent=6430"}],"wp:term":[{"taxonomy":"category","embeddable":true,"href":"https:\/\/agora.xtec.cat\/escolapablopicasso\/wp-json\/wp\/v2\/categories?post=6430"},{"taxonomy":"post_tag","embeddable":true,"href":"https:\/\/agora.xtec.cat\/escolapablopicasso\/wp-json\/wp\/v2\/tags?post=6430"}],"curies":[{"name":"wp","href":"https:\/\/api.w.org\/{rel}","templated":true}]}}