{"id":6396,"date":"2021-06-01T15:00:56","date_gmt":"2021-06-01T13:00:56","guid":{"rendered":"http:\/\/agora.xtec.cat\/escolapablopicasso\/?p=6396"},"modified":"2021-06-01T17:17:12","modified_gmt":"2021-06-01T15:17:12","slug":"jornada-intensiva-de-juny","status":"publish","type":"post","link":"https:\/\/agora.xtec.cat\/escolapablopicasso\/general\/jornada-intensiva-de-juny\/","title":{"rendered":"JORNADA INTENSIVA DE JUNY"},"content":{"rendered":"<p>Aquest curs la jornada intensiva ser\u00e0 del <em><strong>dilluns<\/strong> 7<\/em> al <strong><em>dimarts 22 de juny<\/em><\/strong>.<\/p>\n<p>L&#8217;horari \u00e9s de <strong><em>9h a 13h<\/em><\/strong> i els infants que fan \u00fas del menjador ser\u00e0 fins a les <strong><em>15h<\/em><\/strong>.<\/p>\n<p><a href=\"https:\/\/agora.xtec.cat\/escolapablopicasso\/wp-content\/uploads\/usu295\/2021\/06\/reloj.jpg\"><img loading=\"lazy\" decoding=\"async\" class=\"aligncenter size-full wp-image-6397\" src=\"https:\/\/agora.xtec.cat\/escolapablopicasso\/wp-content\/uploads\/usu295\/2021\/06\/reloj.jpg\" alt=\"\" width=\"400\" height=\"400\" srcset=\"https:\/\/agora.xtec.cat\/escolapablopicasso\/wp-content\/uploads\/usu295\/2021\/06\/reloj.jpg 400w, https:\/\/agora.xtec.cat\/escolapablopicasso\/wp-content\/uploads\/usu295\/2021\/06\/reloj-150x150.jpg 150w, https:\/\/agora.xtec.cat\/escolapablopicasso\/wp-content\/uploads\/usu295\/2021\/06\/reloj-300x300.jpg 300w\" sizes=\"auto, (max-width: 400px) 100vw, 400px\" \/><\/a><\/p>\n","protected":false},"excerpt":{"rendered":"<p>Aquest curs la jornada intensiva ser\u00e0 del dilluns 7 al dimarts 22 de juny.<br \/>\nL&#8217;horari \u00e9s de 9h a 13h i els infants que fan \u00fas del menjador ser\u00e0 fins a les 15h.<br \/>\n<a href=\"https:\/\/agora.xtec.cat\/escolapablopicasso\/wp-content\/uploads\/usu295\/2021\/06\/reloj.jpg\"><\/a><\/p>\n","protected":false},"author":5,"featured_media":0,"comment_status":"open","ping_status":"closed","sticky":false,"template":"","format":"standard","meta":{"_bbp_topic_count":0,"_bbp_reply_count":0,"_bbp_total_topic_count":0,"_bbp_total_reply_count":0,"_bbp_voice_count":0,"_bbp_anonymous_reply_count":0,"_bbp_topic_count_hidden":0,"_bbp_reply_count_hidden":0,"_bbp_forum_subforum_count":0,"footnotes":""},"categories":[1,4],"tags":[],"class_list":["post-6396","post","type-post","status-publish","format-standard","hentry","category-general","category-portada"],"post_mailing_queue_ids":[],"_links":{"self":[{"href":"https:\/\/agora.xtec.cat\/escolapablopicasso\/wp-json\/wp\/v2\/posts\/6396","targetHints":{"allow":["GET"]}}],"collection":[{"href":"https:\/\/agora.xtec.cat\/escolapablopicasso\/wp-json\/wp\/v2\/posts"}],"about":[{"href":"https:\/\/agora.xtec.cat\/escolapablopicasso\/wp-json\/wp\/v2\/types\/post"}],"author":[{"embeddable":true,"href":"https:\/\/agora.xtec.cat\/escolapablopicasso\/wp-json\/wp\/v2\/users\/5"}],"replies":[{"embeddable":true,"href":"https:\/\/agora.xtec.cat\/escolapablopicasso\/wp-json\/wp\/v2\/comments?post=6396"}],"version-history":[{"count":1,"href":"https:\/\/agora.xtec.cat\/escolapablopicasso\/wp-json\/wp\/v2\/posts\/6396\/revisions"}],"predecessor-version":[{"id":6398,"href":"https:\/\/agora.xtec.cat\/escolapablopicasso\/wp-json\/wp\/v2\/posts\/6396\/revisions\/6398"}],"wp:attachment":[{"href":"https:\/\/agora.xtec.cat\/escolapablopicasso\/wp-json\/wp\/v2\/media?parent=6396"}],"wp:term":[{"taxonomy":"category","embeddable":true,"href":"https:\/\/agora.xtec.cat\/escolapablopicasso\/wp-json\/wp\/v2\/categories?post=6396"},{"taxonomy":"post_tag","embeddable":true,"href":"https:\/\/agora.xtec.cat\/escolapablopicasso\/wp-json\/wp\/v2\/tags?post=6396"}],"curies":[{"name":"wp","href":"https:\/\/api.w.org\/{rel}","templated":true}]}}