{"id":6390,"date":"2021-05-17T11:39:00","date_gmt":"2021-05-17T09:39:00","guid":{"rendered":"http:\/\/agora.xtec.cat\/escolapablopicasso\/?p=6390"},"modified":"2021-06-01T18:03:16","modified_gmt":"2021-06-01T16:03:16","slug":"taller-dafrica-2n","status":"publish","type":"post","link":"https:\/\/agora.xtec.cat\/escolapablopicasso\/general\/taller-dafrica-2n\/","title":{"rendered":"TALLER D&#8217;\u00c0FRICA- 2n"},"content":{"rendered":"<p>Durant tot aquest curs, els alumnes de 2n hem pogut viatjar per tot el m\u00f3n amb el llibre &#8220;La volta al m\u00f3n en 80 dies&#8221;<\/p>\n<p>Avui, el Picasso s&#8217;ha convertit en \u00c0frica i hem fet un seguit d&#8217;activitats s\u00faper interessants:<\/p>\n<p><iframe loading=\"lazy\" src=\"\/\/www.youtube.com\/embed\/kOWk1SGRJ2A\" width=\"560\" height=\"314\"><\/iframe><\/p>\n<p><iframe loading=\"lazy\" src=\"\/\/www.youtube.com\/embed\/ZxLfwhIHd2c\" width=\"560\" height=\"314\"><\/iframe><\/p>\n","protected":false},"excerpt":{"rendered":"<p>Durant tot aquest curs, els alumnes de 2n hem pogut viatjar per tot el m\u00f3n amb el llibre &#8220;La volta al m\u00f3n en 80 dies&#8221;<br \/>\nAvui, el Picasso s&#8217;ha convertit en \u00c0frica i hem fet un seguit d&#8217;activitats s\u00faper interessants:<\/p>\n","protected":false},"author":5,"featured_media":6391,"comment_status":"open","ping_status":"closed","sticky":false,"template":"","format":"standard","meta":{"_bbp_topic_count":0,"_bbp_reply_count":0,"_bbp_total_topic_count":0,"_bbp_total_reply_count":0,"_bbp_voice_count":0,"_bbp_anonymous_reply_count":0,"_bbp_topic_count_hidden":0,"_bbp_reply_count_hidden":0,"_bbp_forum_subforum_count":0,"footnotes":""},"categories":[11,1,30],"tags":[],"class_list":["post-6390","post","type-post","status-publish","format-standard","has-post-thumbnail","hentry","category-2n","category-general","category-sortides"],"post_mailing_queue_ids":[],"_links":{"self":[{"href":"https:\/\/agora.xtec.cat\/escolapablopicasso\/wp-json\/wp\/v2\/posts\/6390","targetHints":{"allow":["GET"]}}],"collection":[{"href":"https:\/\/agora.xtec.cat\/escolapablopicasso\/wp-json\/wp\/v2\/posts"}],"about":[{"href":"https:\/\/agora.xtec.cat\/escolapablopicasso\/wp-json\/wp\/v2\/types\/post"}],"author":[{"embeddable":true,"href":"https:\/\/agora.xtec.cat\/escolapablopicasso\/wp-json\/wp\/v2\/users\/5"}],"replies":[{"embeddable":true,"href":"https:\/\/agora.xtec.cat\/escolapablopicasso\/wp-json\/wp\/v2\/comments?post=6390"}],"version-history":[{"count":3,"href":"https:\/\/agora.xtec.cat\/escolapablopicasso\/wp-json\/wp\/v2\/posts\/6390\/revisions"}],"predecessor-version":[{"id":6400,"href":"https:\/\/agora.xtec.cat\/escolapablopicasso\/wp-json\/wp\/v2\/posts\/6390\/revisions\/6400"}],"wp:featuredmedia":[{"embeddable":true,"href":"https:\/\/agora.xtec.cat\/escolapablopicasso\/wp-json\/wp\/v2\/media\/6391"}],"wp:attachment":[{"href":"https:\/\/agora.xtec.cat\/escolapablopicasso\/wp-json\/wp\/v2\/media?parent=6390"}],"wp:term":[{"taxonomy":"category","embeddable":true,"href":"https:\/\/agora.xtec.cat\/escolapablopicasso\/wp-json\/wp\/v2\/categories?post=6390"},{"taxonomy":"post_tag","embeddable":true,"href":"https:\/\/agora.xtec.cat\/escolapablopicasso\/wp-json\/wp\/v2\/tags?post=6390"}],"curies":[{"name":"wp","href":"https:\/\/api.w.org\/{rel}","templated":true}]}}