{"id":6366,"date":"2021-05-11T02:07:56","date_gmt":"2021-05-11T00:07:56","guid":{"rendered":"http:\/\/agora.xtec.cat\/escolapablopicasso\/?p=6366"},"modified":"2021-05-11T02:11:00","modified_gmt":"2021-05-11T00:11:00","slug":"fem-seriacions-a-p3","status":"publish","type":"post","link":"https:\/\/agora.xtec.cat\/escolapablopicasso\/general\/fem-seriacions-a-p3\/","title":{"rendered":"Fem seriacions a P3"},"content":{"rendered":"<p>Pedra, tren, pedra, tren, pedra, tren, pedra, tren&#8230;<\/p>\n<p>Amb aquesta cantarella hem presentat aquesta activitat on els nens i les nenes de P3 comencen a fer seriacions amb diferents elements.<\/p>\n<p><a href=\"https:\/\/agora.xtec.cat\/escolapablopicasso\/wp-content\/uploads\/usu295\/2021\/05\/eo-1.jpg\"><img loading=\"lazy\" decoding=\"async\" class=\"aligncenter size-full wp-image-6369\" src=\"https:\/\/agora.xtec.cat\/escolapablopicasso\/wp-content\/uploads\/usu295\/2021\/05\/eo-1.jpg\" alt=\"\" width=\"3009\" height=\"2281\" srcset=\"https:\/\/agora.xtec.cat\/escolapablopicasso\/wp-content\/uploads\/usu295\/2021\/05\/eo-1.jpg 3009w, https:\/\/agora.xtec.cat\/escolapablopicasso\/wp-content\/uploads\/usu295\/2021\/05\/eo-1-300x227.jpg 300w, https:\/\/agora.xtec.cat\/escolapablopicasso\/wp-content\/uploads\/usu295\/2021\/05\/eo-1-768x582.jpg 768w, https:\/\/agora.xtec.cat\/escolapablopicasso\/wp-content\/uploads\/usu295\/2021\/05\/eo-1-1024x776.jpg 1024w\" sizes=\"auto, (max-width: 3009px) 100vw, 3009px\" \/><\/a><\/p>\n<p>Per veure la documentaci\u00f3 cliqueu al seg\u00fcent enlla\u00e7:<\/p>\n<p><a href=\"https:\/\/drive.google.com\/file\/d\/1ED5W9coWKWQjclJhiXVNBorf4bS3es7l\/view?usp=sharing\" target=\"_blank\" rel=\"noopener noreferrer\">https:\/\/drive.google.com\/file\/d\/1ED5W9coWKWQjclJhiXVNBorf4bS3es7l\/view?usp=sharing<\/a><\/p>\n","protected":false},"excerpt":{"rendered":"<p>Pedra, tren, pedra, tren, pedra, tren, pedra, tren&#8230;<br \/>\nAmb aquesta cantarella hem presentat aquesta activitat on els nens i les nenes de P3 comencen a fer seriacions amb diferents elements.<br \/>\n<a href=\"https:\/\/agora.xtec.cat\/escolapablopicasso\/wp-content\/uploads\/usu295\/2021\/05\/eo-1.jpg\"><\/a><br \/>\nPer veure la documentaci\u00f3 cliqueu al seg\u00fcent enlla\u00e7:<br \/>\n<a href=\"https:\/\/drive.google.com\/file\/d\/1ED5W9coWKWQjclJhiXVNBorf4bS3es7l\/view?usp=sharing\" target=\"_blank\" rel=\"noopener noreferrer\">https:\/\/drive.google.com\/file\/d\/1ED5W9coWKWQjclJhiXVNBorf4bS3es7l\/view?usp=sharing<\/a><\/p>\n","protected":false},"author":4,"featured_media":6369,"comment_status":"open","ping_status":"closed","sticky":false,"template":"","format":"standard","meta":{"_bbp_topic_count":0,"_bbp_reply_count":0,"_bbp_total_topic_count":0,"_bbp_total_reply_count":0,"_bbp_voice_count":0,"_bbp_anonymous_reply_count":0,"_bbp_topic_count_hidden":0,"_bbp_reply_count_hidden":0,"_bbp_forum_subforum_count":0,"footnotes":""},"categories":[1,3,2],"tags":[60,58,68],"class_list":["post-6366","post","type-post","status-publish","format-standard","has-post-thumbnail","hentry","category-general","category-i3","category-infantil","tag-infantil","tag-p3","tag-pensament-matematic"],"post_mailing_queue_ids":[],"_links":{"self":[{"href":"https:\/\/agora.xtec.cat\/escolapablopicasso\/wp-json\/wp\/v2\/posts\/6366","targetHints":{"allow":["GET"]}}],"collection":[{"href":"https:\/\/agora.xtec.cat\/escolapablopicasso\/wp-json\/wp\/v2\/posts"}],"about":[{"href":"https:\/\/agora.xtec.cat\/escolapablopicasso\/wp-json\/wp\/v2\/types\/post"}],"author":[{"embeddable":true,"href":"https:\/\/agora.xtec.cat\/escolapablopicasso\/wp-json\/wp\/v2\/users\/4"}],"replies":[{"embeddable":true,"href":"https:\/\/agora.xtec.cat\/escolapablopicasso\/wp-json\/wp\/v2\/comments?post=6366"}],"version-history":[{"count":3,"href":"https:\/\/agora.xtec.cat\/escolapablopicasso\/wp-json\/wp\/v2\/posts\/6366\/revisions"}],"predecessor-version":[{"id":6374,"href":"https:\/\/agora.xtec.cat\/escolapablopicasso\/wp-json\/wp\/v2\/posts\/6366\/revisions\/6374"}],"wp:featuredmedia":[{"embeddable":true,"href":"https:\/\/agora.xtec.cat\/escolapablopicasso\/wp-json\/wp\/v2\/media\/6369"}],"wp:attachment":[{"href":"https:\/\/agora.xtec.cat\/escolapablopicasso\/wp-json\/wp\/v2\/media?parent=6366"}],"wp:term":[{"taxonomy":"category","embeddable":true,"href":"https:\/\/agora.xtec.cat\/escolapablopicasso\/wp-json\/wp\/v2\/categories?post=6366"},{"taxonomy":"post_tag","embeddable":true,"href":"https:\/\/agora.xtec.cat\/escolapablopicasso\/wp-json\/wp\/v2\/tags?post=6366"}],"curies":[{"name":"wp","href":"https:\/\/api.w.org\/{rel}","templated":true}]}}