{"id":6314,"date":"2021-04-19T09:00:50","date_gmt":"2021-04-19T07:00:50","guid":{"rendered":"http:\/\/agora.xtec.cat\/escolapablopicasso\/?p=6314"},"modified":"2021-04-19T13:27:44","modified_gmt":"2021-04-19T11:27:44","slug":"iv-setmana-literaria","status":"publish","type":"post","link":"https:\/\/agora.xtec.cat\/escolapablopicasso\/general\/iv-setmana-literaria\/","title":{"rendered":"IV SETMANA LITER\u00c0RIA"},"content":{"rendered":"<p>Hola fam\u00edlies!!!<\/p>\n<p>Avui comen\u00e7a una nova edici\u00f3 de la Setmana Liter\u00e0ria a tot el nostre centre.<\/p>\n<p>Tot i que la situaci\u00f3 actual no ens deixa dur a terme aquelles activitats col\u00b7lectives i altres actuacions com apadrinaments, tallers intercicles&#8230; us presentem a continuaci\u00f3 la programaci\u00f3 de cada cicle perqu\u00e8 no volem perdre aquesta celebraci\u00f3 que forma part del nostre projecte educatiu.<\/p>\n<p>Esperem que l&#8217;alumnat gaudeixi una vegada m\u00e9s d&#8217;aquesta setmana i us faci part\u00edceps de les seves viv\u00e8ncies.<\/p>\n<p>Una salutaci\u00f3,<\/p>\n<p>Equip directiu<\/p>\n<p><a href=\"https:\/\/agora.xtec.cat\/escolapablopicasso\/wp-content\/uploads\/usu295\/2021\/04\/IV-setmana-liter\u00e0ria-poster.png\"><img loading=\"lazy\" decoding=\"async\" class=\"aligncenter size-full wp-image-6315\" src=\"https:\/\/agora.xtec.cat\/escolapablopicasso\/wp-content\/uploads\/usu295\/2021\/04\/IV-setmana-liter\u00e0ria-poster.png\" alt=\"\" width=\"486\" height=\"667\" srcset=\"https:\/\/agora.xtec.cat\/escolapablopicasso\/wp-content\/uploads\/usu295\/2021\/04\/IV-setmana-liter\u00e0ria-poster.png 486w, https:\/\/agora.xtec.cat\/escolapablopicasso\/wp-content\/uploads\/usu295\/2021\/04\/IV-setmana-liter\u00e0ria-poster-219x300.png 219w\" sizes=\"auto, (max-width: 486px) 100vw, 486px\" \/><\/a><\/p>\n<p>EDUCACI\u00d3 INFANTIL:<\/p>\n<p><a href=\"https:\/\/agora.xtec.cat\/escolapablopicasso\/wp-content\/uploads\/usu295\/2021\/04\/E.I..png\"><img loading=\"lazy\" decoding=\"async\" class=\"aligncenter size-full wp-image-6316\" src=\"https:\/\/agora.xtec.cat\/escolapablopicasso\/wp-content\/uploads\/usu295\/2021\/04\/E.I..png\" alt=\"\" width=\"1022\" height=\"548\" srcset=\"https:\/\/agora.xtec.cat\/escolapablopicasso\/wp-content\/uploads\/usu295\/2021\/04\/E.I..png 1022w, https:\/\/agora.xtec.cat\/escolapablopicasso\/wp-content\/uploads\/usu295\/2021\/04\/E.I.-300x161.png 300w, https:\/\/agora.xtec.cat\/escolapablopicasso\/wp-content\/uploads\/usu295\/2021\/04\/E.I.-768x412.png 768w\" sizes=\"auto, (max-width: 1022px) 100vw, 1022px\" \/><\/a><\/p>\n<p>CICLE INICIAL:<\/p>\n<p><a href=\"https:\/\/agora.xtec.cat\/escolapablopicasso\/wp-content\/uploads\/usu295\/2021\/04\/C.I..png\"><img loading=\"lazy\" decoding=\"async\" class=\"aligncenter size-full wp-image-6317\" src=\"https:\/\/agora.xtec.cat\/escolapablopicasso\/wp-content\/uploads\/usu295\/2021\/04\/C.I..png\" alt=\"\" width=\"1024\" height=\"438\" srcset=\"https:\/\/agora.xtec.cat\/escolapablopicasso\/wp-content\/uploads\/usu295\/2021\/04\/C.I..png 1024w, https:\/\/agora.xtec.cat\/escolapablopicasso\/wp-content\/uploads\/usu295\/2021\/04\/C.I.-300x128.png 300w, https:\/\/agora.xtec.cat\/escolapablopicasso\/wp-content\/uploads\/usu295\/2021\/04\/C.I.-768x329.png 768w\" sizes=\"auto, (max-width: 1024px) 100vw, 1024px\" \/><\/a><\/p>\n<p>CICLE MITJ\u00c0:<\/p>\n<p><a href=\"https:\/\/agora.xtec.cat\/escolapablopicasso\/wp-content\/uploads\/usu295\/2021\/04\/C.M..png\"><img loading=\"lazy\" decoding=\"async\" class=\"aligncenter size-full wp-image-6318\" src=\"https:\/\/agora.xtec.cat\/escolapablopicasso\/wp-content\/uploads\/usu295\/2021\/04\/C.M..png\" alt=\"\" width=\"1046\" height=\"478\" srcset=\"https:\/\/agora.xtec.cat\/escolapablopicasso\/wp-content\/uploads\/usu295\/2021\/04\/C.M..png 1046w, https:\/\/agora.xtec.cat\/escolapablopicasso\/wp-content\/uploads\/usu295\/2021\/04\/C.M.-300x137.png 300w, https:\/\/agora.xtec.cat\/escolapablopicasso\/wp-content\/uploads\/usu295\/2021\/04\/C.M.-768x351.png 768w, https:\/\/agora.xtec.cat\/escolapablopicasso\/wp-content\/uploads\/usu295\/2021\/04\/C.M.-1024x468.png 1024w\" sizes=\"auto, (max-width: 1046px) 100vw, 1046px\" \/><\/a><\/p>\n<p>CICLE SUPERIOR:<\/p>\n<p><a href=\"https:\/\/agora.xtec.cat\/escolapablopicasso\/wp-content\/uploads\/usu295\/2021\/04\/C.S..png\"><img loading=\"lazy\" decoding=\"async\" class=\"aligncenter size-full wp-image-6319\" src=\"https:\/\/agora.xtec.cat\/escolapablopicasso\/wp-content\/uploads\/usu295\/2021\/04\/C.S..png\" alt=\"\" width=\"979\" height=\"451\" srcset=\"https:\/\/agora.xtec.cat\/escolapablopicasso\/wp-content\/uploads\/usu295\/2021\/04\/C.S..png 979w, https:\/\/agora.xtec.cat\/escolapablopicasso\/wp-content\/uploads\/usu295\/2021\/04\/C.S.-300x138.png 300w, https:\/\/agora.xtec.cat\/escolapablopicasso\/wp-content\/uploads\/usu295\/2021\/04\/C.S.-768x354.png 768w\" sizes=\"auto, (max-width: 979px) 100vw, 979px\" \/><\/a><\/p>\n","protected":false},"excerpt":{"rendered":"<p>Hola fam\u00edlies!!!<br \/>\nAvui comen\u00e7a una nova edici\u00f3 de la Setmana Liter\u00e0ria a tot el nostre centre.<br \/>\nTot i que la situaci\u00f3 actual no ens deixa dur a terme aquelles activitats col\u00b7lectives i altres actuacions com apadrinaments, tallers intercicles&#8230; us presentem a continuaci\u00f3 la programaci\u00f3 de cada cicle&hellip;  <a href=\"https:\/\/agora.xtec.cat\/escolapablopicasso\/general\/iv-setmana-literaria\/\" title=\"Read IV SETMANA LITER\u00c0RIA\">Llegeix m\u00e9s\u00bb<\/a><\/p>\n","protected":false},"author":5,"featured_media":6315,"comment_status":"open","ping_status":"closed","sticky":false,"template":"","format":"standard","meta":{"_bbp_topic_count":0,"_bbp_reply_count":0,"_bbp_total_topic_count":0,"_bbp_total_reply_count":0,"_bbp_voice_count":0,"_bbp_anonymous_reply_count":0,"_bbp_topic_count_hidden":0,"_bbp_reply_count_hidden":0,"_bbp_forum_subforum_count":0,"footnotes":""},"categories":[23,1,4],"tags":[],"class_list":["post-6314","post","type-post","status-publish","format-standard","has-post-thumbnail","hentry","category-nadal","category-general","category-portada"],"post_mailing_queue_ids":[],"_links":{"self":[{"href":"https:\/\/agora.xtec.cat\/escolapablopicasso\/wp-json\/wp\/v2\/posts\/6314","targetHints":{"allow":["GET"]}}],"collection":[{"href":"https:\/\/agora.xtec.cat\/escolapablopicasso\/wp-json\/wp\/v2\/posts"}],"about":[{"href":"https:\/\/agora.xtec.cat\/escolapablopicasso\/wp-json\/wp\/v2\/types\/post"}],"author":[{"embeddable":true,"href":"https:\/\/agora.xtec.cat\/escolapablopicasso\/wp-json\/wp\/v2\/users\/5"}],"replies":[{"embeddable":true,"href":"https:\/\/agora.xtec.cat\/escolapablopicasso\/wp-json\/wp\/v2\/comments?post=6314"}],"version-history":[{"count":1,"href":"https:\/\/agora.xtec.cat\/escolapablopicasso\/wp-json\/wp\/v2\/posts\/6314\/revisions"}],"predecessor-version":[{"id":6320,"href":"https:\/\/agora.xtec.cat\/escolapablopicasso\/wp-json\/wp\/v2\/posts\/6314\/revisions\/6320"}],"wp:featuredmedia":[{"embeddable":true,"href":"https:\/\/agora.xtec.cat\/escolapablopicasso\/wp-json\/wp\/v2\/media\/6315"}],"wp:attachment":[{"href":"https:\/\/agora.xtec.cat\/escolapablopicasso\/wp-json\/wp\/v2\/media?parent=6314"}],"wp:term":[{"taxonomy":"category","embeddable":true,"href":"https:\/\/agora.xtec.cat\/escolapablopicasso\/wp-json\/wp\/v2\/categories?post=6314"},{"taxonomy":"post_tag","embeddable":true,"href":"https:\/\/agora.xtec.cat\/escolapablopicasso\/wp-json\/wp\/v2\/tags?post=6314"}],"curies":[{"name":"wp","href":"https:\/\/api.w.org\/{rel}","templated":true}]}}