{"id":6283,"date":"2021-04-01T10:37:48","date_gmt":"2021-04-01T08:37:48","guid":{"rendered":"http:\/\/agora.xtec.cat\/escolapablopicasso\/?p=6283"},"modified":"2021-04-12T10:49:11","modified_gmt":"2021-04-12T08:49:11","slug":"lartista-del-mes-abril-2","status":"publish","type":"post","link":"https:\/\/agora.xtec.cat\/escolapablopicasso\/general\/lartista-del-mes-abril-2\/","title":{"rendered":"L&#8217;artista del mes (abril)"},"content":{"rendered":"<p>En Keith Larsen i la PAREID\u00d2LIA&#8230;<\/p>\n<p><a href=\"https:\/\/agora.xtec.cat\/escolapablopicasso\/wp-content\/uploads\/usu295\/2021\/04\/descarga.jpg\"><img loading=\"lazy\" decoding=\"async\" class=\"aligncenter size-full wp-image-6284\" src=\"https:\/\/agora.xtec.cat\/escolapablopicasso\/wp-content\/uploads\/usu295\/2021\/04\/descarga.jpg\" alt=\"\" width=\"224\" height=\"224\" srcset=\"https:\/\/agora.xtec.cat\/escolapablopicasso\/wp-content\/uploads\/usu295\/2021\/04\/descarga.jpg 224w, https:\/\/agora.xtec.cat\/escolapablopicasso\/wp-content\/uploads\/usu295\/2021\/04\/descarga-150x150.jpg 150w\" sizes=\"auto, (max-width: 224px) 100vw, 224px\" \/><\/a><\/p>\n<p>Keith Larsen \u00e9s un il\u00b7lustrador que ha decidit ensenyar-nos els personatges que veu quan mira al seu voltant.<\/p>\n<p>Va n\u00e9ixer el 24 de juny de 1991 als Estats Units i podeu trobar-lo a la p\u00e0gina d&#8217;instagram TheFacesWithinPlaces<\/p>\n<p><a href=\"https:\/\/agora.xtec.cat\/escolapablopicasso\/wp-content\/uploads\/usu295\/2021\/04\/5c74fcd688b565761336c1ba686ced39.jpg\"><img loading=\"lazy\" decoding=\"async\" class=\"aligncenter size-full wp-image-6285\" src=\"https:\/\/agora.xtec.cat\/escolapablopicasso\/wp-content\/uploads\/usu295\/2021\/04\/5c74fcd688b565761336c1ba686ced39.jpg\" alt=\"\" width=\"880\" height=\"428\" srcset=\"https:\/\/agora.xtec.cat\/escolapablopicasso\/wp-content\/uploads\/usu295\/2021\/04\/5c74fcd688b565761336c1ba686ced39.jpg 880w, https:\/\/agora.xtec.cat\/escolapablopicasso\/wp-content\/uploads\/usu295\/2021\/04\/5c74fcd688b565761336c1ba686ced39-300x146.jpg 300w, https:\/\/agora.xtec.cat\/escolapablopicasso\/wp-content\/uploads\/usu295\/2021\/04\/5c74fcd688b565761336c1ba686ced39-768x374.jpg 768w\" sizes=\"auto, (max-width: 880px) 100vw, 880px\" \/><\/a><\/p>\n<p><a href=\"https:\/\/agora.xtec.cat\/escolapablopicasso\/wp-content\/uploads\/usu295\/2021\/04\/7c7ed24c4dc07f4fe6f3057b3f3fe54f.jpg\"><img loading=\"lazy\" decoding=\"async\" class=\"aligncenter size-full wp-image-6286\" src=\"https:\/\/agora.xtec.cat\/escolapablopicasso\/wp-content\/uploads\/usu295\/2021\/04\/7c7ed24c4dc07f4fe6f3057b3f3fe54f.jpg\" alt=\"\" width=\"700\" height=\"368\" srcset=\"https:\/\/agora.xtec.cat\/escolapablopicasso\/wp-content\/uploads\/usu295\/2021\/04\/7c7ed24c4dc07f4fe6f3057b3f3fe54f.jpg 700w, https:\/\/agora.xtec.cat\/escolapablopicasso\/wp-content\/uploads\/usu295\/2021\/04\/7c7ed24c4dc07f4fe6f3057b3f3fe54f-300x158.jpg 300w\" sizes=\"auto, (max-width: 700px) 100vw, 700px\" \/><\/a><\/p>\n<p><a href=\"https:\/\/agora.xtec.cat\/escolapablopicasso\/wp-content\/uploads\/usu295\/2021\/04\/keith-larser-pareidolia-mis-gafas-de-pasta-destacado-2560x750.jpg\"><img loading=\"lazy\" decoding=\"async\" class=\"aligncenter size-full wp-image-6287\" src=\"https:\/\/agora.xtec.cat\/escolapablopicasso\/wp-content\/uploads\/usu295\/2021\/04\/keith-larser-pareidolia-mis-gafas-de-pasta-destacado-2560x750.jpg\" alt=\"\" width=\"2560\" height=\"750\" srcset=\"https:\/\/agora.xtec.cat\/escolapablopicasso\/wp-content\/uploads\/usu295\/2021\/04\/keith-larser-pareidolia-mis-gafas-de-pasta-destacado-2560x750.jpg 2560w, https:\/\/agora.xtec.cat\/escolapablopicasso\/wp-content\/uploads\/usu295\/2021\/04\/keith-larser-pareidolia-mis-gafas-de-pasta-destacado-2560x750-300x88.jpg 300w, https:\/\/agora.xtec.cat\/escolapablopicasso\/wp-content\/uploads\/usu295\/2021\/04\/keith-larser-pareidolia-mis-gafas-de-pasta-destacado-2560x750-768x225.jpg 768w, https:\/\/agora.xtec.cat\/escolapablopicasso\/wp-content\/uploads\/usu295\/2021\/04\/keith-larser-pareidolia-mis-gafas-de-pasta-destacado-2560x750-1024x300.jpg 1024w\" sizes=\"auto, (max-width: 2560px) 100vw, 2560px\" \/><\/a><\/p>\n<p>La Pareid\u00f2lia \u00e9s un fenomen psicol\u00f2gic que fa que puguem veure cares en objectes inanimats: taques a la paret, utensilis de qualsevol mena, n\u00favols, al menjar&#8230;<\/p>\n<p>&nbsp;<\/p>\n","protected":false},"excerpt":{"rendered":"<p>En Keith Larsen i la PAREID\u00d2LIA&#8230;<br \/>\n<a href=\"https:\/\/agora.xtec.cat\/escolapablopicasso\/wp-content\/uploads\/usu295\/2021\/04\/descarga.jpg\"><\/a><br \/>\nKeith Larsen \u00e9s un il\u00b7lustrador que ha decidit ensenyar-nos els personatges que veu quan mira al seu voltant.<br \/>\nVa n\u00e9ixer el 24 de juny de 1991 als Estats Units i podeu trobar-lo a la p\u00e0gina d&#8217;instagram TheFacesWithinPlaces<br \/>\n<a href=\"https:\/\/agora.xtec.cat\/escolapablopicasso\/wp-content\/uploads\/usu295\/2021\/04\/5c74fcd688b565761336c1ba686ced39.jpg\"><\/a><br \/>\n<a href=\"https:\/\/agora.xtec.cat\/escolapablopicasso\/wp-content\/uploads\/usu295\/2021\/04\/7c7ed24c4dc07f4fe6f3057b3f3fe54f.jpg\"><\/a><br \/>\n<a href=\"https:\/\/agora.xtec.cat\/escolapablopicasso\/wp-content\/uploads\/usu295\/2021\/04\/keith-larser-pareidolia-mis-gafas-de-pasta-destacado-2560x750.jpg\"><\/a><br \/>\nLa&hellip;  <a href=\"https:\/\/agora.xtec.cat\/escolapablopicasso\/general\/lartista-del-mes-abril-2\/\" title=\"Read L&#8217;artista del mes (abril)\">Llegeix m\u00e9s\u00bb<\/a><\/p>\n","protected":false},"author":5,"featured_media":6285,"comment_status":"open","ping_status":"closed","sticky":false,"template":"","format":"standard","meta":{"_bbp_topic_count":0,"_bbp_reply_count":0,"_bbp_total_topic_count":0,"_bbp_total_reply_count":0,"_bbp_voice_count":0,"_bbp_anonymous_reply_count":0,"_bbp_topic_count_hidden":0,"_bbp_reply_count_hidden":0,"_bbp_forum_subforum_count":0,"footnotes":""},"categories":[1,4],"tags":[],"class_list":["post-6283","post","type-post","status-publish","format-standard","has-post-thumbnail","hentry","category-general","category-portada"],"post_mailing_queue_ids":[],"_links":{"self":[{"href":"https:\/\/agora.xtec.cat\/escolapablopicasso\/wp-json\/wp\/v2\/posts\/6283","targetHints":{"allow":["GET"]}}],"collection":[{"href":"https:\/\/agora.xtec.cat\/escolapablopicasso\/wp-json\/wp\/v2\/posts"}],"about":[{"href":"https:\/\/agora.xtec.cat\/escolapablopicasso\/wp-json\/wp\/v2\/types\/post"}],"author":[{"embeddable":true,"href":"https:\/\/agora.xtec.cat\/escolapablopicasso\/wp-json\/wp\/v2\/users\/5"}],"replies":[{"embeddable":true,"href":"https:\/\/agora.xtec.cat\/escolapablopicasso\/wp-json\/wp\/v2\/comments?post=6283"}],"version-history":[{"count":1,"href":"https:\/\/agora.xtec.cat\/escolapablopicasso\/wp-json\/wp\/v2\/posts\/6283\/revisions"}],"predecessor-version":[{"id":6288,"href":"https:\/\/agora.xtec.cat\/escolapablopicasso\/wp-json\/wp\/v2\/posts\/6283\/revisions\/6288"}],"wp:featuredmedia":[{"embeddable":true,"href":"https:\/\/agora.xtec.cat\/escolapablopicasso\/wp-json\/wp\/v2\/media\/6285"}],"wp:attachment":[{"href":"https:\/\/agora.xtec.cat\/escolapablopicasso\/wp-json\/wp\/v2\/media?parent=6283"}],"wp:term":[{"taxonomy":"category","embeddable":true,"href":"https:\/\/agora.xtec.cat\/escolapablopicasso\/wp-json\/wp\/v2\/categories?post=6283"},{"taxonomy":"post_tag","embeddable":true,"href":"https:\/\/agora.xtec.cat\/escolapablopicasso\/wp-json\/wp\/v2\/tags?post=6283"}],"curies":[{"name":"wp","href":"https:\/\/api.w.org\/{rel}","templated":true}]}}