{"id":6258,"date":"2021-02-10T20:00:41","date_gmt":"2021-02-10T19:00:41","guid":{"rendered":"http:\/\/agora.xtec.cat\/escolapablopicasso\/?p=6258"},"modified":"2021-03-30T20:17:50","modified_gmt":"2021-03-30T18:17:50","slug":"hem-fet-un-hort-primer","status":"publish","type":"post","link":"https:\/\/agora.xtec.cat\/escolapablopicasso\/general\/hem-fet-un-hort-primer\/","title":{"rendered":"HEM FET UN HORT- PRIMER"},"content":{"rendered":"<p>Els nens i nenes de primer A, primer B i primer C hem estat cuidant el nostre hort escolar.<\/p>\n<p><iframe loading=\"lazy\" src=\"\/\/www.youtube.com\/embed\/1pKzUyfGBu8\" width=\"560\" height=\"314\"><\/iframe><\/p>\n<p>Tal i com diu la can\u00e7\u00f3 &#8220;Hem fet un hort&#8221; hem cuidat la terra, hem plantat faves i raves i hem regat entre tots.<\/p>\n<p>Aqu\u00ed teniu un v\u00eddeo amb tot el proc\u00e9s:<\/p>\n<p><iframe loading=\"lazy\" src=\"\/\/www.youtube.com\/embed\/0H0mLT6CcQw\" width=\"560\" height=\"314\"><\/iframe><\/p>\n","protected":false},"excerpt":{"rendered":"<p>Els nens i nenes de primer A, primer B i primer C hem estat cuidant el nostre hort escolar.<\/p>\n<p>Tal i com diu la can\u00e7\u00f3 &#8220;Hem fet un hort&#8221; hem cuidat la terra, hem plantat faves i raves i hem regat entre tots.<br \/>\nAqu\u00ed teniu un v\u00eddeo&hellip;  <a href=\"https:\/\/agora.xtec.cat\/escolapablopicasso\/general\/hem-fet-un-hort-primer\/\" title=\"Read HEM FET UN HORT- PRIMER\">Llegeix m\u00e9s\u00bb<\/a><\/p>\n","protected":false},"author":5,"featured_media":6259,"comment_status":"open","ping_status":"closed","sticky":false,"template":"","format":"standard","meta":{"_bbp_topic_count":0,"_bbp_reply_count":0,"_bbp_total_topic_count":0,"_bbp_total_reply_count":0,"_bbp_voice_count":0,"_bbp_anonymous_reply_count":0,"_bbp_topic_count_hidden":0,"_bbp_reply_count_hidden":0,"_bbp_forum_subforum_count":0,"footnotes":""},"categories":[10,1],"tags":[],"class_list":["post-6258","post","type-post","status-publish","format-standard","has-post-thumbnail","hentry","category-1r","category-general"],"post_mailing_queue_ids":[],"_links":{"self":[{"href":"https:\/\/agora.xtec.cat\/escolapablopicasso\/wp-json\/wp\/v2\/posts\/6258","targetHints":{"allow":["GET"]}}],"collection":[{"href":"https:\/\/agora.xtec.cat\/escolapablopicasso\/wp-json\/wp\/v2\/posts"}],"about":[{"href":"https:\/\/agora.xtec.cat\/escolapablopicasso\/wp-json\/wp\/v2\/types\/post"}],"author":[{"embeddable":true,"href":"https:\/\/agora.xtec.cat\/escolapablopicasso\/wp-json\/wp\/v2\/users\/5"}],"replies":[{"embeddable":true,"href":"https:\/\/agora.xtec.cat\/escolapablopicasso\/wp-json\/wp\/v2\/comments?post=6258"}],"version-history":[{"count":1,"href":"https:\/\/agora.xtec.cat\/escolapablopicasso\/wp-json\/wp\/v2\/posts\/6258\/revisions"}],"predecessor-version":[{"id":6260,"href":"https:\/\/agora.xtec.cat\/escolapablopicasso\/wp-json\/wp\/v2\/posts\/6258\/revisions\/6260"}],"wp:featuredmedia":[{"embeddable":true,"href":"https:\/\/agora.xtec.cat\/escolapablopicasso\/wp-json\/wp\/v2\/media\/6259"}],"wp:attachment":[{"href":"https:\/\/agora.xtec.cat\/escolapablopicasso\/wp-json\/wp\/v2\/media?parent=6258"}],"wp:term":[{"taxonomy":"category","embeddable":true,"href":"https:\/\/agora.xtec.cat\/escolapablopicasso\/wp-json\/wp\/v2\/categories?post=6258"},{"taxonomy":"post_tag","embeddable":true,"href":"https:\/\/agora.xtec.cat\/escolapablopicasso\/wp-json\/wp\/v2\/tags?post=6258"}],"curies":[{"name":"wp","href":"https:\/\/api.w.org\/{rel}","templated":true}]}}