{"id":6252,"date":"2021-03-29T12:02:00","date_gmt":"2021-03-29T10:02:00","guid":{"rendered":"http:\/\/agora.xtec.cat\/escolapablopicasso\/?p=6252"},"modified":"2021-03-30T22:47:31","modified_gmt":"2021-03-30T20:47:31","slug":"ultim-dia-del-2n-trimestre","status":"publish","type":"post","link":"https:\/\/agora.xtec.cat\/escolapablopicasso\/general\/ultim-dia-del-2n-trimestre\/","title":{"rendered":"\u00daLTIM DIA DEL SEGON TRIMESTRE-4t"},"content":{"rendered":"<p><a href=\"https:\/\/agora.xtec.cat\/escolapablopicasso\/wp-content\/uploads\/usu295\/2021\/03\/IMG_30301.jpg\"><img loading=\"lazy\" decoding=\"async\" class=\"aligncenter size-full wp-image-6253\" src=\"https:\/\/agora.xtec.cat\/escolapablopicasso\/wp-content\/uploads\/usu295\/2021\/03\/IMG_30301.jpg\" alt=\"\" width=\"4032\" height=\"3024\" srcset=\"https:\/\/agora.xtec.cat\/escolapablopicasso\/wp-content\/uploads\/usu295\/2021\/03\/IMG_30301.jpg 4032w, https:\/\/agora.xtec.cat\/escolapablopicasso\/wp-content\/uploads\/usu295\/2021\/03\/IMG_30301-300x225.jpg 300w, https:\/\/agora.xtec.cat\/escolapablopicasso\/wp-content\/uploads\/usu295\/2021\/03\/IMG_30301-768x576.jpg 768w, https:\/\/agora.xtec.cat\/escolapablopicasso\/wp-content\/uploads\/usu295\/2021\/03\/IMG_30301-1024x768.jpg 1024w, https:\/\/agora.xtec.cat\/escolapablopicasso\/wp-content\/uploads\/usu295\/2021\/03\/IMG_30301-200x150.jpg 200w\" sizes=\"auto, (max-width: 4032px) 100vw, 4032px\" \/><span style=\"color: #000000;\">La classe de 4tA vam celebrar el tancament del segon trimestre amb una activitat dinamitzada que ens va preparar l&#8217;Alisson, pintant les nostres mascaretes i per la tarda, gaudint de la pel\u00b7l\u00edcula del Zoo d&#8217;en Pitus amb unes delicioses crispetes. Tamb\u00e9 vam aprofitar per despedir-nos de l&#8217;Alisson, una alumna de pr\u00e0ctiques d&#8217;integraci\u00f3 social que ha estat amb nosaltres i ens ha ajudat molt.<\/span><\/a><\/p>\n<p>Bones vacances<\/p>\n","protected":false},"excerpt":{"rendered":"<p><a href=\"https:\/\/agora.xtec.cat\/escolapablopicasso\/wp-content\/uploads\/usu295\/2021\/03\/IMG_30301.jpg\">La classe de 4tA vam celebrar el tancament del segon trimestre amb una activitat dinamitzada que ens va preparar l&#8217;Alisson, pintant les nostres mascaretes i per la tarda, gaudint de la pel\u00b7l\u00edcula del Zoo d&#8217;en Pitus amb unes delicioses crispetes. Tamb\u00e9 vam aprofitar per&hellip;  <a href=\"https:\/\/agora.xtec.cat\/escolapablopicasso\/general\/ultim-dia-del-2n-trimestre\/\" title=\"Read \u00daLTIM DIA DEL SEGON TRIMESTRE-4t\">Llegeix m\u00e9s\u00bb<\/a><\/p>\n","protected":false},"author":4,"featured_media":0,"comment_status":"open","ping_status":"closed","sticky":false,"template":"","format":"standard","meta":{"_bbp_topic_count":0,"_bbp_reply_count":0,"_bbp_total_topic_count":0,"_bbp_total_reply_count":0,"_bbp_voice_count":0,"_bbp_anonymous_reply_count":0,"_bbp_topic_count_hidden":0,"_bbp_reply_count_hidden":0,"_bbp_forum_subforum_count":0,"footnotes":""},"categories":[13,1],"tags":[],"class_list":["post-6252","post","type-post","status-publish","format-standard","hentry","category-4t","category-general"],"post_mailing_queue_ids":[],"_links":{"self":[{"href":"https:\/\/agora.xtec.cat\/escolapablopicasso\/wp-json\/wp\/v2\/posts\/6252","targetHints":{"allow":["GET"]}}],"collection":[{"href":"https:\/\/agora.xtec.cat\/escolapablopicasso\/wp-json\/wp\/v2\/posts"}],"about":[{"href":"https:\/\/agora.xtec.cat\/escolapablopicasso\/wp-json\/wp\/v2\/types\/post"}],"author":[{"embeddable":true,"href":"https:\/\/agora.xtec.cat\/escolapablopicasso\/wp-json\/wp\/v2\/users\/4"}],"replies":[{"embeddable":true,"href":"https:\/\/agora.xtec.cat\/escolapablopicasso\/wp-json\/wp\/v2\/comments?post=6252"}],"version-history":[{"count":2,"href":"https:\/\/agora.xtec.cat\/escolapablopicasso\/wp-json\/wp\/v2\/posts\/6252\/revisions"}],"predecessor-version":[{"id":6275,"href":"https:\/\/agora.xtec.cat\/escolapablopicasso\/wp-json\/wp\/v2\/posts\/6252\/revisions\/6275"}],"wp:attachment":[{"href":"https:\/\/agora.xtec.cat\/escolapablopicasso\/wp-json\/wp\/v2\/media?parent=6252"}],"wp:term":[{"taxonomy":"category","embeddable":true,"href":"https:\/\/agora.xtec.cat\/escolapablopicasso\/wp-json\/wp\/v2\/categories?post=6252"},{"taxonomy":"post_tag","embeddable":true,"href":"https:\/\/agora.xtec.cat\/escolapablopicasso\/wp-json\/wp\/v2\/tags?post=6252"}],"curies":[{"name":"wp","href":"https:\/\/api.w.org\/{rel}","templated":true}]}}