{"id":6211,"date":"2021-03-09T23:04:05","date_gmt":"2021-03-09T22:04:05","guid":{"rendered":"http:\/\/agora.xtec.cat\/escolapablopicasso\/?p=6211"},"modified":"2021-03-09T23:04:05","modified_gmt":"2021-03-09T22:04:05","slug":"els-i-les-talps-i-el-8-de-marc","status":"publish","type":"post","link":"https:\/\/agora.xtec.cat\/escolapablopicasso\/general\/els-i-les-talps-i-el-8-de-marc\/","title":{"rendered":"Els i les talps i el 8 de mar\u00e7"},"content":{"rendered":"<p>8 de mar\u00e7 un dia important en el calendari. Parlem, conversem, compartim, aprenem i donem aquest any visibilitat a les dones m\u00e9s importants de la fam\u00edlia dels Talps. LES MARES!<\/p>\n<p>Com les estimem i quant fan&#8230; treballadores, alegres, divertides, llestes, fortes, poderoses i les que fan els millors petons de bona nit! Us estimem mamas!<\/p>\n<p>Ens voleu acompanyar en tot el que hem treballat?<\/p>\n<p><a href=\"https:\/\/drive.google.com\/file\/d\/1dd0i6fBsD8Ku1_tVnTIAhAsAkM5dbOfO\/view?usp=sharing\">8 de mar\u00e7 a la fam\u00edlia dels talps<\/a><\/p>\n<p>&nbsp;<\/p>\n<p>&nbsp;<\/p>\n<p>&nbsp;<\/p>\n","protected":false},"excerpt":{"rendered":"<p>8 de mar\u00e7 un dia important en el calendari. Parlem, conversem, compartim, aprenem i donem aquest any visibilitat a les dones m\u00e9s importants de la fam\u00edlia dels Talps. LES MARES!<br \/>\nCom les estimem i quant fan&#8230; treballadores, alegres, divertides, llestes, fortes, poderoses i les que fan&hellip;  <a href=\"https:\/\/agora.xtec.cat\/escolapablopicasso\/general\/els-i-les-talps-i-el-8-de-marc\/\" title=\"Read Els i les talps i el 8 de mar\u00e7\">Llegeix m\u00e9s\u00bb<\/a><\/p>\n","protected":false},"author":4,"featured_media":0,"comment_status":"open","ping_status":"closed","sticky":false,"template":"","format":"standard","meta":{"_bbp_topic_count":0,"_bbp_reply_count":0,"_bbp_total_topic_count":0,"_bbp_total_reply_count":0,"_bbp_voice_count":0,"_bbp_anonymous_reply_count":0,"_bbp_topic_count_hidden":0,"_bbp_reply_count_hidden":0,"_bbp_forum_subforum_count":0,"footnotes":""},"categories":[1,8,9,2],"tags":[],"class_list":["post-6211","post","type-post","status-publish","format-standard","hentry","category-general","category-i4","category-i5","category-infantil"],"post_mailing_queue_ids":[],"_links":{"self":[{"href":"https:\/\/agora.xtec.cat\/escolapablopicasso\/wp-json\/wp\/v2\/posts\/6211","targetHints":{"allow":["GET"]}}],"collection":[{"href":"https:\/\/agora.xtec.cat\/escolapablopicasso\/wp-json\/wp\/v2\/posts"}],"about":[{"href":"https:\/\/agora.xtec.cat\/escolapablopicasso\/wp-json\/wp\/v2\/types\/post"}],"author":[{"embeddable":true,"href":"https:\/\/agora.xtec.cat\/escolapablopicasso\/wp-json\/wp\/v2\/users\/4"}],"replies":[{"embeddable":true,"href":"https:\/\/agora.xtec.cat\/escolapablopicasso\/wp-json\/wp\/v2\/comments?post=6211"}],"version-history":[{"count":1,"href":"https:\/\/agora.xtec.cat\/escolapablopicasso\/wp-json\/wp\/v2\/posts\/6211\/revisions"}],"predecessor-version":[{"id":6212,"href":"https:\/\/agora.xtec.cat\/escolapablopicasso\/wp-json\/wp\/v2\/posts\/6211\/revisions\/6212"}],"wp:attachment":[{"href":"https:\/\/agora.xtec.cat\/escolapablopicasso\/wp-json\/wp\/v2\/media?parent=6211"}],"wp:term":[{"taxonomy":"category","embeddable":true,"href":"https:\/\/agora.xtec.cat\/escolapablopicasso\/wp-json\/wp\/v2\/categories?post=6211"},{"taxonomy":"post_tag","embeddable":true,"href":"https:\/\/agora.xtec.cat\/escolapablopicasso\/wp-json\/wp\/v2\/tags?post=6211"}],"curies":[{"name":"wp","href":"https:\/\/api.w.org\/{rel}","templated":true}]}}