{"id":6197,"date":"2021-03-03T22:17:07","date_gmt":"2021-03-03T21:17:07","guid":{"rendered":"http:\/\/agora.xtec.cat\/escolapablopicasso\/?p=6197"},"modified":"2021-03-03T22:17:07","modified_gmt":"2021-03-03T21:17:07","slug":"les-flors-i-la-mademoiselle-maurice","status":"publish","type":"post","link":"https:\/\/agora.xtec.cat\/escolapablopicasso\/general\/les-flors-i-la-mademoiselle-maurice\/","title":{"rendered":"Les flors i la Mademoiselle Maurice"},"content":{"rendered":"<p>Els infants de la fam\u00edlia de les flors s&#8217;uneixen al projecte de l&#8217;artista del mes i\u00a0\u00a0han intentat interpretar l&#8217;obra de la Mademoiselle Maurice. Esperem que us agradi el resultat!<\/p>\n<p>&nbsp;<\/p>\n<p style=\"text-align: center\"><a href=\"https:\/\/drive.google.com\/file\/d\/1tSOBR-hF-RMaY_nA5_ZbJE_ZA22PbMOh\/view?usp=sharing\">https:\/\/drive.google.com\/file\/d\/1tSOBR-hF-RMaY_nA5_ZbJE_ZA22PbMOh\/view?usp=sharing<\/a> <a href=\"https:\/\/agora.xtec.cat\/escolapablopicasso\/wp-content\/uploads\/usu295\/2021\/03\/Beis-Rosa-Negro-Blanco-Pastel-Compa\u00f1ero-de-Trabajo-Cumplea\u00f1os-Ilustraciones-con-Garabatos-Eventos-e-Inter\u00e9s-Especial-Presentaci\u00f3n-2.jpg\"><img loading=\"lazy\" decoding=\"async\" class=\"alignnone size-medium wp-image-6206\" src=\"https:\/\/agora.xtec.cat\/escolapablopicasso\/wp-content\/uploads\/usu295\/2021\/03\/Beis-Rosa-Negro-Blanco-Pastel-Compa\u00f1ero-de-Trabajo-Cumplea\u00f1os-Ilustraciones-con-Garabatos-Eventos-e-Inter\u00e9s-Especial-Presentaci\u00f3n-2-300x169.jpg\" alt=\"\" width=\"300\" height=\"169\" srcset=\"https:\/\/agora.xtec.cat\/escolapablopicasso\/wp-content\/uploads\/usu295\/2021\/03\/Beis-Rosa-Negro-Blanco-Pastel-Compa\u00f1ero-de-Trabajo-Cumplea\u00f1os-Ilustraciones-con-Garabatos-Eventos-e-Inter\u00e9s-Especial-Presentaci\u00f3n-2-300x169.jpg 300w, https:\/\/agora.xtec.cat\/escolapablopicasso\/wp-content\/uploads\/usu295\/2021\/03\/Beis-Rosa-Negro-Blanco-Pastel-Compa\u00f1ero-de-Trabajo-Cumplea\u00f1os-Ilustraciones-con-Garabatos-Eventos-e-Inter\u00e9s-Especial-Presentaci\u00f3n-2-768x432.jpg 768w, https:\/\/agora.xtec.cat\/escolapablopicasso\/wp-content\/uploads\/usu295\/2021\/03\/Beis-Rosa-Negro-Blanco-Pastel-Compa\u00f1ero-de-Trabajo-Cumplea\u00f1os-Ilustraciones-con-Garabatos-Eventos-e-Inter\u00e9s-Especial-Presentaci\u00f3n-2-1024x576.jpg 1024w, https:\/\/agora.xtec.cat\/escolapablopicasso\/wp-content\/uploads\/usu295\/2021\/03\/Beis-Rosa-Negro-Blanco-Pastel-Compa\u00f1ero-de-Trabajo-Cumplea\u00f1os-Ilustraciones-con-Garabatos-Eventos-e-Inter\u00e9s-Especial-Presentaci\u00f3n-2.jpg 1920w\" sizes=\"auto, (max-width: 300px) 100vw, 300px\" \/><\/a><\/p>\n<p>&nbsp;<\/p>\n<p>&nbsp;<\/p>\n","protected":false},"excerpt":{"rendered":"<p>Els infants de la fam\u00edlia de les flors s&#8217;uneixen al projecte de l&#8217;artista del mes i\u00a0\u00a0han intentat interpretar l&#8217;obra de la Mademoiselle Maurice. Esperem que us agradi el resultat!<br \/>\n&nbsp;<br \/>\n<a href=\"https:\/\/drive.google.com\/file\/d\/1tSOBR-hF-RMaY_nA5_ZbJE_ZA22PbMOh\/view?usp=sharing\">https:\/\/drive.google.com\/file\/d\/1tSOBR-hF-RMaY_nA5_ZbJE_ZA22PbMOh\/view?usp=sharing<\/a> <a href=\"https:\/\/agora.xtec.cat\/escolapablopicasso\/wp-content\/uploads\/usu295\/2021\/03\/Beis-Rosa-Negro-Blanco-Pastel-Compa\u00f1ero-de-Trabajo-Cumplea\u00f1os-Ilustraciones-con-Garabatos-Eventos-e-Inter\u00e9s-Especial-Presentaci\u00f3n-2.jpg\"><\/a><br \/>\n&nbsp;<br \/>\n&nbsp;<\/p>\n","protected":false},"author":4,"featured_media":6199,"comment_status":"open","ping_status":"closed","sticky":false,"template":"","format":"standard","meta":{"_bbp_topic_count":0,"_bbp_reply_count":0,"_bbp_total_topic_count":0,"_bbp_total_reply_count":0,"_bbp_voice_count":0,"_bbp_anonymous_reply_count":0,"_bbp_topic_count_hidden":0,"_bbp_reply_count_hidden":0,"_bbp_forum_subforum_count":0,"footnotes":""},"categories":[1,3,2],"tags":[62,61,60],"class_list":["post-6197","post","type-post","status-publish","format-standard","has-post-thumbnail","hentry","category-general","category-i3","category-infantil","tag-art","tag-artista-del-mes","tag-infantil"],"post_mailing_queue_ids":[],"_links":{"self":[{"href":"https:\/\/agora.xtec.cat\/escolapablopicasso\/wp-json\/wp\/v2\/posts\/6197","targetHints":{"allow":["GET"]}}],"collection":[{"href":"https:\/\/agora.xtec.cat\/escolapablopicasso\/wp-json\/wp\/v2\/posts"}],"about":[{"href":"https:\/\/agora.xtec.cat\/escolapablopicasso\/wp-json\/wp\/v2\/types\/post"}],"author":[{"embeddable":true,"href":"https:\/\/agora.xtec.cat\/escolapablopicasso\/wp-json\/wp\/v2\/users\/4"}],"replies":[{"embeddable":true,"href":"https:\/\/agora.xtec.cat\/escolapablopicasso\/wp-json\/wp\/v2\/comments?post=6197"}],"version-history":[{"count":3,"href":"https:\/\/agora.xtec.cat\/escolapablopicasso\/wp-json\/wp\/v2\/posts\/6197\/revisions"}],"predecessor-version":[{"id":6207,"href":"https:\/\/agora.xtec.cat\/escolapablopicasso\/wp-json\/wp\/v2\/posts\/6197\/revisions\/6207"}],"wp:featuredmedia":[{"embeddable":true,"href":"https:\/\/agora.xtec.cat\/escolapablopicasso\/wp-json\/wp\/v2\/media\/6199"}],"wp:attachment":[{"href":"https:\/\/agora.xtec.cat\/escolapablopicasso\/wp-json\/wp\/v2\/media?parent=6197"}],"wp:term":[{"taxonomy":"category","embeddable":true,"href":"https:\/\/agora.xtec.cat\/escolapablopicasso\/wp-json\/wp\/v2\/categories?post=6197"},{"taxonomy":"post_tag","embeddable":true,"href":"https:\/\/agora.xtec.cat\/escolapablopicasso\/wp-json\/wp\/v2\/tags?post=6197"}],"curies":[{"name":"wp","href":"https:\/\/api.w.org\/{rel}","templated":true}]}}