{"id":6187,"date":"2021-02-25T17:41:16","date_gmt":"2021-02-25T16:41:16","guid":{"rendered":"http:\/\/agora.xtec.cat\/escolapablopicasso\/?p=6187"},"modified":"2021-02-25T17:55:49","modified_gmt":"2021-02-25T16:55:49","slug":"percussio-a-laula-de-les-xuxes-infantil-c","status":"publish","type":"post","link":"https:\/\/agora.xtec.cat\/escolapablopicasso\/general\/percussio-a-laula-de-les-xuxes-infantil-c\/","title":{"rendered":"PERCUSSI\u00d3 A L&#8217;AULA DE LES XUXES (INFANTIL C)"},"content":{"rendered":"<p><a href=\"https:\/\/agora.xtec.cat\/escolapablopicasso\/wp-content\/uploads\/usu295\/2021\/02\/IMG_1638.jpg\"><img loading=\"lazy\" decoding=\"async\" class=\"alignnone size-large wp-image-6189\" src=\"https:\/\/agora.xtec.cat\/escolapablopicasso\/wp-content\/uploads\/usu295\/2021\/02\/IMG_1638-768x1024.jpg\" alt=\"\" width=\"768\" height=\"1024\" srcset=\"https:\/\/agora.xtec.cat\/escolapablopicasso\/wp-content\/uploads\/usu295\/2021\/02\/IMG_1638-768x1024.jpg 768w, https:\/\/agora.xtec.cat\/escolapablopicasso\/wp-content\/uploads\/usu295\/2021\/02\/IMG_1638-225x300.jpg 225w\" sizes=\"auto, (max-width: 768px) 100vw, 768px\" \/><\/a><\/p>\n<p>LA CLASSE DE LES XUXES HA ESTAT TREBALLANT LA PERCUSSI\u00d3 A L&#8217;AULA.<\/p>\n<p><a href=\"https:\/\/docs.google.com\/presentation\/d\/1PcFNOgh2C92EuYiM_9hBp7vYe0XuJ9MIilYjKb0aJzw\/edit?usp=sharing\">CLICAR AQU\u00cd PER VEURE LES FOTOS I ELS V\u00cdDEOS <\/a><\/p>\n<p>US CONVIDEM A VEURE LA PRESENTACI\u00d3 I ELS V\u00cdDEOS ENLLA\u00c7ATS. LES XUXES SON AUT\u00c8NTIQUES ARTISTES!!!!<\/p>\n","protected":false},"excerpt":{"rendered":"<p><a href=\"https:\/\/agora.xtec.cat\/escolapablopicasso\/wp-content\/uploads\/usu295\/2021\/02\/IMG_1638.jpg\"><\/a><br \/>\nLA CLASSE DE LES XUXES HA ESTAT TREBALLANT LA PERCUSSI\u00d3 A L&#8217;AULA.<br \/>\n<a href=\"https:\/\/docs.google.com\/presentation\/d\/1PcFNOgh2C92EuYiM_9hBp7vYe0XuJ9MIilYjKb0aJzw\/edit?usp=sharing\">CLICAR AQU\u00cd PER VEURE LES FOTOS I ELS V\u00cdDEOS <\/a><br \/>\nUS CONVIDEM A VEURE LA PRESENTACI\u00d3 I ELS V\u00cdDEOS ENLLA\u00c7ATS. LES XUXES SON AUT\u00c8NTIQUES ARTISTES!!!!<\/p>\n","protected":false},"author":4,"featured_media":6189,"comment_status":"open","ping_status":"closed","sticky":false,"template":"","format":"standard","meta":{"_bbp_topic_count":0,"_bbp_reply_count":0,"_bbp_total_topic_count":0,"_bbp_total_reply_count":0,"_bbp_voice_count":0,"_bbp_anonymous_reply_count":0,"_bbp_topic_count_hidden":0,"_bbp_reply_count_hidden":0,"_bbp_forum_subforum_count":0,"footnotes":""},"categories":[1,2],"tags":[],"class_list":["post-6187","post","type-post","status-publish","format-standard","has-post-thumbnail","hentry","category-general","category-infantil"],"post_mailing_queue_ids":[],"_links":{"self":[{"href":"https:\/\/agora.xtec.cat\/escolapablopicasso\/wp-json\/wp\/v2\/posts\/6187","targetHints":{"allow":["GET"]}}],"collection":[{"href":"https:\/\/agora.xtec.cat\/escolapablopicasso\/wp-json\/wp\/v2\/posts"}],"about":[{"href":"https:\/\/agora.xtec.cat\/escolapablopicasso\/wp-json\/wp\/v2\/types\/post"}],"author":[{"embeddable":true,"href":"https:\/\/agora.xtec.cat\/escolapablopicasso\/wp-json\/wp\/v2\/users\/4"}],"replies":[{"embeddable":true,"href":"https:\/\/agora.xtec.cat\/escolapablopicasso\/wp-json\/wp\/v2\/comments?post=6187"}],"version-history":[{"count":3,"href":"https:\/\/agora.xtec.cat\/escolapablopicasso\/wp-json\/wp\/v2\/posts\/6187\/revisions"}],"predecessor-version":[{"id":6192,"href":"https:\/\/agora.xtec.cat\/escolapablopicasso\/wp-json\/wp\/v2\/posts\/6187\/revisions\/6192"}],"wp:featuredmedia":[{"embeddable":true,"href":"https:\/\/agora.xtec.cat\/escolapablopicasso\/wp-json\/wp\/v2\/media\/6189"}],"wp:attachment":[{"href":"https:\/\/agora.xtec.cat\/escolapablopicasso\/wp-json\/wp\/v2\/media?parent=6187"}],"wp:term":[{"taxonomy":"category","embeddable":true,"href":"https:\/\/agora.xtec.cat\/escolapablopicasso\/wp-json\/wp\/v2\/categories?post=6187"},{"taxonomy":"post_tag","embeddable":true,"href":"https:\/\/agora.xtec.cat\/escolapablopicasso\/wp-json\/wp\/v2\/tags?post=6187"}],"curies":[{"name":"wp","href":"https:\/\/api.w.org\/{rel}","templated":true}]}}