{"id":6155,"date":"2021-02-22T12:25:43","date_gmt":"2021-02-22T11:25:43","guid":{"rendered":"http:\/\/agora.xtec.cat\/escolapablopicasso\/?p=6155"},"modified":"2021-03-02T13:28:34","modified_gmt":"2021-03-02T12:28:34","slug":"portes-obertes-virtuals-curs-21-22","status":"publish","type":"post","link":"https:\/\/agora.xtec.cat\/escolapablopicasso\/general\/portes-obertes-virtuals-curs-21-22\/","title":{"rendered":"PORTES OBERTES VIRTUALS (CURS 21-22)"},"content":{"rendered":"<p><span style=\"font-weight: 400;\">Benvinguts i benvingudes a la nostra escola Pablo Picasso.<\/span><\/p>\n<p><span style=\"font-weight: 400;\">Aquest any, ja sabeu que no podem obrir el centre perqu\u00e8 el visiteu per\u00f2 hem preparat un recull d\u2019algunes de les activitats que es fan de manera habitual al nostre dia a dia escolar.\u00a0<\/span><\/p>\n<p><span style=\"font-weight: 400;\">Enguany hem hagut d\u2019adaptar-nos a la situaci\u00f3, i si b\u00e9 no hem pogut fer algunes de les activitats que impliquen moviments de grups i espais, hem adaptat algunes de les activitats i hem gaudit d\u2019un desdoblament d\u2019aules per tal de reduir r\u00e0tios oferint major atenci\u00f3 a l\u2019alumnat i un control m\u00e9s acurat de la tra\u00e7abilitat.<\/span><\/p>\n<p><span style=\"font-weight: 400;\">Com que <\/span><i><span style=\"font-weight: 400;\">una imatge val m\u00e9s que mil<\/span><\/i> <i><span style=\"font-weight: 400;\">paraules<\/span><\/i><span style=\"font-weight: 400;\">, us presentem\u00a0 a continuaci\u00f3 un v\u00eddeo perqu\u00e8 pugueu establir una connexi\u00f3 amb el nostre projecte educatiu. Veureu imatges actuals i altres rescatades dels \u00faltims anys perqu\u00e8 tingueu una visi\u00f3 m\u00e9s amplia i que no estigui distorsionada per l\u2019actual situaci\u00f3.<\/span><\/p>\n<p><a href=\"https:\/\/drive.google.com\/file\/d\/1yL6BUQgVm9hSFYFC_FX3g662SnO857HD\/view?usp=sharing\"><img loading=\"lazy\" decoding=\"async\" class=\"aligncenter wp-image-6157 \" src=\"https:\/\/agora.xtec.cat\/escolapablopicasso\/wp-content\/uploads\/usu295\/2021\/02\/VIDEO-150x150.jpg\" alt=\"\" width=\"91\" height=\"91\" srcset=\"https:\/\/agora.xtec.cat\/escolapablopicasso\/wp-content\/uploads\/usu295\/2021\/02\/VIDEO-150x150.jpg 150w, https:\/\/agora.xtec.cat\/escolapablopicasso\/wp-content\/uploads\/usu295\/2021\/02\/VIDEO.jpg 225w\" sizes=\"auto, (max-width: 91px) 100vw, 91px\" \/><\/a><\/p>\n<p><span style=\"font-weight: 400;\">En el seg\u00fcent \u201cPower point\u201d (que podeu anar passant al vostre ritme) podreu ampliar la informaci\u00f3 sobre el nostre projecte educatiu.<\/span><\/p>\n<p><a href=\"https:\/\/drive.google.com\/file\/d\/1IrvPLeOmNX9-p3ujNscZ0l1iwj3tEYEw\/view?usp=sharing\"><img loading=\"lazy\" decoding=\"async\" class=\"aligncenter wp-image-6158 \" src=\"https:\/\/agora.xtec.cat\/escolapablopicasso\/wp-content\/uploads\/usu295\/2021\/02\/POWER-150x150.jpg\" alt=\"\" width=\"86\" height=\"86\" \/><\/a><\/p>\n<p><span style=\"font-weight: 400;\">Us convidem a que continueu fent un cop d\u2019ull a la nostra <a href=\"https:\/\/agora.xtec.cat\/escolapablopicasso\/\">P\u00c0GINA WEB<\/a>\u00a0on podreu trobar activitats i documentaci\u00f3 del centre, informaci\u00f3 de menjador i AMPA, els blogs de les aules&#8230;\u00a0 <\/span><\/p>\n<p><span style=\"font-weight: 400;\">Tamb\u00e9 podeu visitar l&#8217;apartat <a href=\"https:\/\/agora.xtec.cat\/escolapablopicasso\/preinscripcio-curs-2021-2022\/\">PREINSCRIPCI\u00d3 CURS 2021-2022<\/a> on trobareu informaci\u00f3 general sobre el calendari del proc\u00e9s, criteris i requisits, documentaci\u00f3, etc.<\/span><\/p>\n<p><span style=\"font-weight: 400;\">Finalment, us demanem que, si teniu qualsevol dubte o voleu saber m\u00e9s coses sobre el centre, ompliu el seg\u00fcent formulari <\/span><span style=\"font-weight: 400;\">\u00a0<\/span><span style=\"font-weight: 400;\">per participar en alguna de les tres trobades que tindran lloc el proper 3 de mar\u00e7.<\/span><\/p>\n<p><a href=\"https:\/\/forms.gle\/rrNzdemTVupGTngY9\"><span style=\"font-weight: 400;\">https:\/\/forms.gle\/rrNzdemTVupGTngY9<\/span><\/a><span style=\"font-weight: 400;\">\u00a0<\/span><\/p>\n<p><span style=\"font-weight: 400;\">Aquest mateix dia rebreu l\u2019enlla\u00e7 mitjan\u00e7ant la plataforma MEET per poder-vos connectar.<\/span><\/p>\n<p><span style=\"font-weight: 400;\">Si no us \u00e9s possible, sempre podeu adre\u00e7ar-vos a l\u2019escola a trav\u00e9s del nostre correu electr\u00f2nic: <\/span><a href=\"mailto:a8039641@xtec.cat\"><span style=\"font-weight: 400;\">a8039641@xtec.cat<\/span><\/a><span style=\"font-weight: 400;\">.\u00a0<\/span><\/p>\n<p>Una salutaci\u00f3,<\/p>\n<p style=\"text-align: right;\">Equip Directiu<\/p>\n","protected":false},"excerpt":{"rendered":"<p>Benvinguts i benvingudes a la nostra escola Pablo Picasso.<br \/>\nAquest any, ja sabeu que no podem obrir el centre perqu\u00e8 el visiteu per\u00f2 hem preparat un recull d\u2019algunes de les activitats que es fan de manera habitual al nostre dia a dia escolar.\u00a0<br \/>\nEnguany hem hagut d\u2019adaptar-nos&hellip;  <a href=\"https:\/\/agora.xtec.cat\/escolapablopicasso\/general\/portes-obertes-virtuals-curs-21-22\/\" title=\"Read PORTES OBERTES VIRTUALS (CURS 21-22)\">Llegeix m\u00e9s\u00bb<\/a><\/p>\n","protected":false},"author":5,"featured_media":6183,"comment_status":"open","ping_status":"closed","sticky":false,"template":"","format":"standard","meta":{"_bbp_topic_count":0,"_bbp_reply_count":0,"_bbp_total_topic_count":0,"_bbp_total_reply_count":0,"_bbp_voice_count":0,"_bbp_anonymous_reply_count":0,"_bbp_topic_count_hidden":0,"_bbp_reply_count_hidden":0,"_bbp_forum_subforum_count":0,"footnotes":""},"categories":[1,4],"tags":[],"class_list":["post-6155","post","type-post","status-publish","format-standard","has-post-thumbnail","hentry","category-general","category-portada"],"post_mailing_queue_ids":[],"_links":{"self":[{"href":"https:\/\/agora.xtec.cat\/escolapablopicasso\/wp-json\/wp\/v2\/posts\/6155","targetHints":{"allow":["GET"]}}],"collection":[{"href":"https:\/\/agora.xtec.cat\/escolapablopicasso\/wp-json\/wp\/v2\/posts"}],"about":[{"href":"https:\/\/agora.xtec.cat\/escolapablopicasso\/wp-json\/wp\/v2\/types\/post"}],"author":[{"embeddable":true,"href":"https:\/\/agora.xtec.cat\/escolapablopicasso\/wp-json\/wp\/v2\/users\/5"}],"replies":[{"embeddable":true,"href":"https:\/\/agora.xtec.cat\/escolapablopicasso\/wp-json\/wp\/v2\/comments?post=6155"}],"version-history":[{"count":3,"href":"https:\/\/agora.xtec.cat\/escolapablopicasso\/wp-json\/wp\/v2\/posts\/6155\/revisions"}],"predecessor-version":[{"id":6186,"href":"https:\/\/agora.xtec.cat\/escolapablopicasso\/wp-json\/wp\/v2\/posts\/6155\/revisions\/6186"}],"wp:featuredmedia":[{"embeddable":true,"href":"https:\/\/agora.xtec.cat\/escolapablopicasso\/wp-json\/wp\/v2\/media\/6183"}],"wp:attachment":[{"href":"https:\/\/agora.xtec.cat\/escolapablopicasso\/wp-json\/wp\/v2\/media?parent=6155"}],"wp:term":[{"taxonomy":"category","embeddable":true,"href":"https:\/\/agora.xtec.cat\/escolapablopicasso\/wp-json\/wp\/v2\/categories?post=6155"},{"taxonomy":"post_tag","embeddable":true,"href":"https:\/\/agora.xtec.cat\/escolapablopicasso\/wp-json\/wp\/v2\/tags?post=6155"}],"curies":[{"name":"wp","href":"https:\/\/api.w.org\/{rel}","templated":true}]}}