{"id":6081,"date":"2021-02-06T13:37:07","date_gmt":"2021-02-06T12:37:07","guid":{"rendered":"http:\/\/agora.xtec.cat\/escolapablopicasso\/?p=6081"},"modified":"2021-02-06T22:19:51","modified_gmt":"2021-02-06T21:19:51","slug":"si-tingues-la-magia-dun-mag","status":"publish","type":"post","link":"https:\/\/agora.xtec.cat\/escolapablopicasso\/general\/si-tingues-la-magia-dun-mag\/","title":{"rendered":"SI TINGU\u00c9S LA M\u00c0GIA D&#8217;UN MAG&#8230;"},"content":{"rendered":"<p>La setmana passada es va celebrar el dia internacional de la Pau i la No Viol\u00e8ncia Escolar. Els nens i nenes d&#8217;Infantil de l&#8217;escola hem estat parlant de la Pau, de les paraules boniques, de la m\u00e0gia, de la Lluna&#8230; Us conviden a fer una ullada al v\u00eddeo de la classe de les Xuxes i que la M\u00e0gia sempre estigui als nostres cors!!!<\/p>\n<p><a href=\"https:\/\/agora.xtec.cat\/escolapablopicasso\/wp-content\/uploads\/usu295\/2021\/02\/IMG_1449.jpeg\"><img loading=\"lazy\" decoding=\"async\" class=\"alignnone size-large wp-image-6085\" src=\"https:\/\/agora.xtec.cat\/escolapablopicasso\/wp-content\/uploads\/usu295\/2021\/02\/IMG_1449-1024x768.jpeg\" alt=\"\" width=\"1024\" height=\"768\" srcset=\"https:\/\/agora.xtec.cat\/escolapablopicasso\/wp-content\/uploads\/usu295\/2021\/02\/IMG_1449-1024x768.jpeg 1024w, https:\/\/agora.xtec.cat\/escolapablopicasso\/wp-content\/uploads\/usu295\/2021\/02\/IMG_1449-300x225.jpeg 300w, https:\/\/agora.xtec.cat\/escolapablopicasso\/wp-content\/uploads\/usu295\/2021\/02\/IMG_1449-768x576.jpeg 768w, https:\/\/agora.xtec.cat\/escolapablopicasso\/wp-content\/uploads\/usu295\/2021\/02\/IMG_1449-200x150.jpeg 200w\" sizes=\"auto, (max-width: 1024px) 100vw, 1024px\" \/><\/a><\/p>\n<p><a href=\"https:\/\/drive.google.com\/file\/d\/1kczUav75ekVAO_byecx4vGh55WxtLBYX\/view?usp=sharing\">ENLLA\u00c7 AL V\u00cdDEO<\/a><\/p>\n","protected":false},"excerpt":{"rendered":"<p>La setmana passada es va celebrar el dia internacional de la Pau i la No Viol\u00e8ncia Escolar. Els nens i nenes d&#8217;Infantil de l&#8217;escola hem estat parlant de la Pau, de les paraules boniques, de la m\u00e0gia, de la Lluna&#8230; Us conviden a fer una&hellip;  <a href=\"https:\/\/agora.xtec.cat\/escolapablopicasso\/general\/si-tingues-la-magia-dun-mag\/\" title=\"Read SI TINGU\u00c9S LA M\u00c0GIA D&#8217;UN MAG&#8230;\">Llegeix m\u00e9s\u00bb<\/a><\/p>\n","protected":false},"author":4,"featured_media":6085,"comment_status":"open","ping_status":"closed","sticky":false,"template":"","format":"standard","meta":{"_bbp_topic_count":0,"_bbp_reply_count":0,"_bbp_total_topic_count":0,"_bbp_total_reply_count":0,"_bbp_voice_count":0,"_bbp_anonymous_reply_count":0,"_bbp_topic_count_hidden":0,"_bbp_reply_count_hidden":0,"_bbp_forum_subforum_count":0,"footnotes":""},"categories":[1,8,9,2],"tags":[],"class_list":["post-6081","post","type-post","status-publish","format-standard","has-post-thumbnail","hentry","category-general","category-i4","category-i5","category-infantil"],"post_mailing_queue_ids":[],"_links":{"self":[{"href":"https:\/\/agora.xtec.cat\/escolapablopicasso\/wp-json\/wp\/v2\/posts\/6081","targetHints":{"allow":["GET"]}}],"collection":[{"href":"https:\/\/agora.xtec.cat\/escolapablopicasso\/wp-json\/wp\/v2\/posts"}],"about":[{"href":"https:\/\/agora.xtec.cat\/escolapablopicasso\/wp-json\/wp\/v2\/types\/post"}],"author":[{"embeddable":true,"href":"https:\/\/agora.xtec.cat\/escolapablopicasso\/wp-json\/wp\/v2\/users\/4"}],"replies":[{"embeddable":true,"href":"https:\/\/agora.xtec.cat\/escolapablopicasso\/wp-json\/wp\/v2\/comments?post=6081"}],"version-history":[{"count":1,"href":"https:\/\/agora.xtec.cat\/escolapablopicasso\/wp-json\/wp\/v2\/posts\/6081\/revisions"}],"predecessor-version":[{"id":6086,"href":"https:\/\/agora.xtec.cat\/escolapablopicasso\/wp-json\/wp\/v2\/posts\/6081\/revisions\/6086"}],"wp:featuredmedia":[{"embeddable":true,"href":"https:\/\/agora.xtec.cat\/escolapablopicasso\/wp-json\/wp\/v2\/media\/6085"}],"wp:attachment":[{"href":"https:\/\/agora.xtec.cat\/escolapablopicasso\/wp-json\/wp\/v2\/media?parent=6081"}],"wp:term":[{"taxonomy":"category","embeddable":true,"href":"https:\/\/agora.xtec.cat\/escolapablopicasso\/wp-json\/wp\/v2\/categories?post=6081"},{"taxonomy":"post_tag","embeddable":true,"href":"https:\/\/agora.xtec.cat\/escolapablopicasso\/wp-json\/wp\/v2\/tags?post=6081"}],"curies":[{"name":"wp","href":"https:\/\/api.w.org\/{rel}","templated":true}]}}