{"id":6066,"date":"2021-02-05T22:48:06","date_gmt":"2021-02-05T21:48:06","guid":{"rendered":"http:\/\/agora.xtec.cat\/escolapablopicasso\/?p=6066"},"modified":"2021-02-05T22:48:06","modified_gmt":"2021-02-05T21:48:06","slug":"que-es-la-pau","status":"publish","type":"post","link":"https:\/\/agora.xtec.cat\/escolapablopicasso\/general\/que-es-la-pau\/","title":{"rendered":"QU\u00c8 \u00c9S LA PAU?"},"content":{"rendered":"<p>Els i les Talps ens plantegem &#8230;Qu\u00e8 \u00e9s la PAU?<\/p>\n<p>A partir de la can\u00e7\u00f3 de la &#8220;Festa de la Pau&#8221; sorgeixen converses, aprenentatges i molta m\u00e0gia!<\/p>\n<p>Com deia Gandhi&#8230; &#8220;No hi ha cam\u00ed per la PAU. La Pau \u00e9s el cam\u00ed&#8221;<\/p>\n<p>Aqu\u00ed us deixem un tastet de totes les nostres descobertes!<\/p>\n<p style=\"text-align: left\"><a href=\"https:\/\/drive.google.com\/file\/d\/1NB4BmhADcyuclCZjbVmgBJIBT-NWu-V7\/view?usp=sharing\">SI TINGU\u00c9S LA M\u00c0GIA D&#8217;UN MAG&#8230;<\/a><\/p>\n<p>&nbsp;<\/p>\n<p style=\"text-align: left\">\n","protected":false},"excerpt":{"rendered":"<p>Els i les Talps ens plantegem &#8230;Qu\u00e8 \u00e9s la PAU?<br \/>\nA partir de la can\u00e7\u00f3 de la &#8220;Festa de la Pau&#8221; sorgeixen converses, aprenentatges i molta m\u00e0gia!<br \/>\nCom deia Gandhi&#8230; &#8220;No hi ha cam\u00ed per la PAU. La Pau \u00e9s el cam\u00ed&#8221;<br \/>\nAqu\u00ed us deixem un tastet de&hellip;  <a href=\"https:\/\/agora.xtec.cat\/escolapablopicasso\/general\/que-es-la-pau\/\" title=\"Read QU\u00c8 \u00c9S LA PAU?\">Llegeix m\u00e9s\u00bb<\/a><\/p>\n","protected":false},"author":4,"featured_media":0,"comment_status":"open","ping_status":"closed","sticky":false,"template":"","format":"standard","meta":{"_bbp_topic_count":0,"_bbp_reply_count":0,"_bbp_total_topic_count":0,"_bbp_total_reply_count":0,"_bbp_voice_count":0,"_bbp_anonymous_reply_count":0,"_bbp_topic_count_hidden":0,"_bbp_reply_count_hidden":0,"_bbp_forum_subforum_count":0,"footnotes":""},"categories":[1,8,9,2],"tags":[],"class_list":["post-6066","post","type-post","status-publish","format-standard","hentry","category-general","category-i4","category-i5","category-infantil"],"post_mailing_queue_ids":[],"_links":{"self":[{"href":"https:\/\/agora.xtec.cat\/escolapablopicasso\/wp-json\/wp\/v2\/posts\/6066","targetHints":{"allow":["GET"]}}],"collection":[{"href":"https:\/\/agora.xtec.cat\/escolapablopicasso\/wp-json\/wp\/v2\/posts"}],"about":[{"href":"https:\/\/agora.xtec.cat\/escolapablopicasso\/wp-json\/wp\/v2\/types\/post"}],"author":[{"embeddable":true,"href":"https:\/\/agora.xtec.cat\/escolapablopicasso\/wp-json\/wp\/v2\/users\/4"}],"replies":[{"embeddable":true,"href":"https:\/\/agora.xtec.cat\/escolapablopicasso\/wp-json\/wp\/v2\/comments?post=6066"}],"version-history":[{"count":1,"href":"https:\/\/agora.xtec.cat\/escolapablopicasso\/wp-json\/wp\/v2\/posts\/6066\/revisions"}],"predecessor-version":[{"id":6067,"href":"https:\/\/agora.xtec.cat\/escolapablopicasso\/wp-json\/wp\/v2\/posts\/6066\/revisions\/6067"}],"wp:attachment":[{"href":"https:\/\/agora.xtec.cat\/escolapablopicasso\/wp-json\/wp\/v2\/media?parent=6066"}],"wp:term":[{"taxonomy":"category","embeddable":true,"href":"https:\/\/agora.xtec.cat\/escolapablopicasso\/wp-json\/wp\/v2\/categories?post=6066"},{"taxonomy":"post_tag","embeddable":true,"href":"https:\/\/agora.xtec.cat\/escolapablopicasso\/wp-json\/wp\/v2\/tags?post=6066"}],"curies":[{"name":"wp","href":"https:\/\/api.w.org\/{rel}","templated":true}]}}