{"id":6027,"date":"2021-01-25T09:00:21","date_gmt":"2021-01-25T08:00:21","guid":{"rendered":"http:\/\/agora.xtec.cat\/escolapablopicasso\/?p=6027"},"modified":"2021-02-06T23:02:21","modified_gmt":"2021-02-06T22:02:21","slug":"jornades-de-portes-obertes-21-22","status":"publish","type":"post","link":"https:\/\/agora.xtec.cat\/escolapablopicasso\/general\/jornades-de-portes-obertes-21-22\/","title":{"rendered":"JORNADES DE PORTES OBERTES 21-22"},"content":{"rendered":"<p style=\"margin-bottom: 24px; color: #2b2b2b; font-family: Lato, sans-serif; font-size: 16px; text-align: justify;\">Benvolgudes fam\u00edlies,<\/p>\n<p style=\"margin-bottom: 24px; color: #2b2b2b; font-family: Lato, sans-serif; font-size: 16px; text-align: justify;\">Compartim la <a href=\"https:\/\/issuu.com\/escolapablopicasso\/docs\/carta_informativa_portes_obertes\">carta informativa<\/a> realitzada en consens per totes les direccions dels centres educatius de Barber\u00e0 del Vall\u00e8s (Escoles i Instituts).<\/p>\n<p style=\"margin-bottom: 24px; color: #2b2b2b; font-family: Lato, sans-serif; font-size: 16px; text-align: justify;\">En aquesta carta trobareu informaci\u00f3 relativa a les diferents accions de gesti\u00f3 i organitzaci\u00f3 de les Jornades de Portes Obertes de tots els centres.<\/p>\n<p style=\"margin-bottom: 24px; color: #2b2b2b; font-family: Lato, sans-serif; font-size: 16px; text-align: justify;\"><strong><em>Les Jornades de Portes Obertes\u00a0<span style=\"color: #0000ff;\">\u00a0no seran presencials<\/span><\/em><\/strong><span style=\"color: #0000ff;\">,<\/span>\u00a0sin\u00f3 que\u00a0<strong><em>cada centre far\u00e0 difusi\u00f3 dels seus projectes educatius a trav\u00e9s de les webs o blocs<\/em><\/strong>\u00a0 i posteriorment far\u00e0\u00a0\u00a0<strong><em>sessions virtuals per atendre les inquietuds i dubtes que sorgeixin<\/em><\/strong>.<\/p>\n<p style=\"margin-bottom: 24px; color: #2b2b2b; font-family: Lato, sans-serif; font-size: 16px; text-align: justify;\">En aquestes sessions es donaran resposta a totes les preguntes que vulgueu fer-nos arribar en relaci\u00f3 al Projecte Educatiu de Centre i el proc\u00e9s de preinscripci\u00f3.<\/p>\n<p style=\"margin-bottom: 24px; color: #2b2b2b; font-family: Lato, sans-serif; font-size: 16px; text-align: justify;\"><em><strong>Data de l&#8217;actualitzaci\u00f3 del bloc i webs de tots els centres:\u00a0<\/strong><\/em><span style=\"color: #0000ff;\"><em><strong>22 de febrer del 2021\u00a0<\/strong><\/em><\/span><\/p>\n<p style=\"margin-bottom: 24px; color: #2b2b2b; font-family: Lato, sans-serif; font-size: 16px; text-align: justify;\"><strong><em>Data en la que trobareu el link per fer la inscripci\u00f3 a les sessions virtuals:\u00a0<\/em><\/strong><span style=\"color: #0000ff;\"><strong><em>22 de febrer del 2021\u00a0<\/em><\/strong><\/span><\/p>\n<p style=\"margin-bottom: 24px; color: #2b2b2b; font-family: Lato, sans-serif; font-size: 16px; text-align: justify;\"><strong><em>Data de les sessions virtuals de la nostra escola:\u00a0<\/em><\/strong><span style=\"color: #0000ff;\"><strong><em>3 de mar\u00e7 del 2021\u00a0\u00a0<\/em><\/strong><\/span><\/p>\n<p style=\"margin-bottom: 24px; color: #2b2b2b; font-family: Lato, sans-serif; font-size: 16px; text-align: justify;\">A la carta informativa, podeu consultar tamb\u00e9 les dates de sessions virtuals de la resta de centres.<\/p>\n<p style=\"text-align: center;\"><a href=\"https:\/\/issuu.com\/escolapablopicasso\/docs\/carta_informativa_portes_obertes\">CARTA INFORMATIVA<\/a><\/p>\n","protected":false},"excerpt":{"rendered":"<p>Benvolgudes fam\u00edlies,<br \/>\nCompartim la <a href=\"https:\/\/issuu.com\/escolapablopicasso\/docs\/carta_informativa_portes_obertes\">carta informativa<\/a> realitzada en consens per totes les direccions dels centres educatius de Barber\u00e0 del Vall\u00e8s (Escoles i Instituts).<br \/>\nEn aquesta carta trobareu informaci\u00f3 relativa a les diferents accions de gesti\u00f3 i organitzaci\u00f3 de les Jornades de Portes Obertes de tots els&hellip;  <a href=\"https:\/\/agora.xtec.cat\/escolapablopicasso\/general\/jornades-de-portes-obertes-21-22\/\" title=\"Read JORNADES DE PORTES OBERTES 21-22\">Llegeix m\u00e9s\u00bb<\/a><\/p>\n","protected":false},"author":5,"featured_media":3760,"comment_status":"open","ping_status":"closed","sticky":false,"template":"","format":"standard","meta":{"_bbp_topic_count":0,"_bbp_reply_count":0,"_bbp_total_topic_count":0,"_bbp_total_reply_count":0,"_bbp_voice_count":0,"_bbp_anonymous_reply_count":0,"_bbp_topic_count_hidden":0,"_bbp_reply_count_hidden":0,"_bbp_forum_subforum_count":0,"footnotes":""},"categories":[1,4],"tags":[],"class_list":["post-6027","post","type-post","status-publish","format-standard","has-post-thumbnail","hentry","category-general","category-portada"],"post_mailing_queue_ids":[],"_links":{"self":[{"href":"https:\/\/agora.xtec.cat\/escolapablopicasso\/wp-json\/wp\/v2\/posts\/6027","targetHints":{"allow":["GET"]}}],"collection":[{"href":"https:\/\/agora.xtec.cat\/escolapablopicasso\/wp-json\/wp\/v2\/posts"}],"about":[{"href":"https:\/\/agora.xtec.cat\/escolapablopicasso\/wp-json\/wp\/v2\/types\/post"}],"author":[{"embeddable":true,"href":"https:\/\/agora.xtec.cat\/escolapablopicasso\/wp-json\/wp\/v2\/users\/5"}],"replies":[{"embeddable":true,"href":"https:\/\/agora.xtec.cat\/escolapablopicasso\/wp-json\/wp\/v2\/comments?post=6027"}],"version-history":[{"count":3,"href":"https:\/\/agora.xtec.cat\/escolapablopicasso\/wp-json\/wp\/v2\/posts\/6027\/revisions"}],"predecessor-version":[{"id":6037,"href":"https:\/\/agora.xtec.cat\/escolapablopicasso\/wp-json\/wp\/v2\/posts\/6027\/revisions\/6037"}],"wp:featuredmedia":[{"embeddable":true,"href":"https:\/\/agora.xtec.cat\/escolapablopicasso\/wp-json\/wp\/v2\/media\/3760"}],"wp:attachment":[{"href":"https:\/\/agora.xtec.cat\/escolapablopicasso\/wp-json\/wp\/v2\/media?parent=6027"}],"wp:term":[{"taxonomy":"category","embeddable":true,"href":"https:\/\/agora.xtec.cat\/escolapablopicasso\/wp-json\/wp\/v2\/categories?post=6027"},{"taxonomy":"post_tag","embeddable":true,"href":"https:\/\/agora.xtec.cat\/escolapablopicasso\/wp-json\/wp\/v2\/tags?post=6027"}],"curies":[{"name":"wp","href":"https:\/\/api.w.org\/{rel}","templated":true}]}}